{"id":4972,"date":"2019-03-06T12:36:21","date_gmt":"2019-03-06T11:36:21","guid":{"rendered":"http:\/\/sv-listrup.de\/?p=4972"},"modified":"2020-01-14T10:23:53","modified_gmt":"2020-01-14T09:23:53","slug":"generalversammlung-2019-silvia-und-alfons-duitz-fuer-langjaehriges-ehrenamt-geehrt-gerrit-hindricks-sportler-des-jahres","status":"publish","type":"post","link":"https:\/\/www.sv-listrup.de\/?p=4972","title":{"rendered":"Generalversammlung 2019: Silvia und Alfons Duitz f\u00fcr langj\u00e4hriges Ehrenamt geehrt &#8211; Gerrit Hindricks Sportler des Jahres"},"content":{"rendered":"\n<p class=\"has-medium-font-size\">Auch in diesem Jahr war die Generalversammlung unseres SVL sehr gut besucht! \u00dcber 70 Teilnehmer lauschten den Worten des Vereinsvorstandes um den 1. Vorsitzenden Markus Meyering! Nach einem R\u00fcckblick auf die letztj\u00e4hrige Generalversammlung, in der der langj\u00e4hrige 1. Vorsitzende Werner &#8222;Pluto&#8220; Pl\u00fcth geb\u00fchrend verabschiedet\/geehrt wurde, wurde speziell der Kassenbericht von Kassenw\u00e4rtin Silvia Duitz mit Neugier verfolgt, denn 2018 standen einige gro\u00dfe Investitionen auf dem Programm. Erfreulich war dann das positve Kassenergebnis, dass der Verein durch zahlreiches Sponsoring zur Deckung der Investitionen, vermehrte Einnahmen bei Heimspielen (Kreisligaderbys gegen Emsb\u00fcren I, Leschede I) sowie einem extrem erfolgreichem 2. Sportfest verbuchen konnte.<br><\/p>\n\n\n\n<p class=\"has-medium-font-size\">Zur Info: zu den zahlreichen Projekten 2018 z\u00e4hlten u.a. \u0097das neue  Spielger\u00e4t\/Spielplatz, \u0097Flutlichtmast, \u0097Fertigstellung Trainerb\u00e4nke,  \u0097Verschiedene Pflasterarbeiten, \u0097neuer Schiedsrichterraum,  \u0097Parkplatzbeleuchtung, \u0097Bandenwerbung Nebenplatz, \u0097Aufsitzrasenm\u00e4her und  ein \u0097WLAN Hotspot!  <\/p>\n\n\n\n<p class=\"has-medium-font-size\"><br>Der Gesch\u00e4ftsf\u00fchrer Fu\u00dfball &#8222;BB&#8220; berichtete von den Erfolgen aus den Seniorenmannschaften, wo die 1. Damen den Wiederaufstieg in die Bezirksliga schafften und die 1. &amp; 2. Herren den Klassenerhalt in der Kreisliga Emsland bzw. 2. Kreisklasse bejubeln konnten. Trotz des Abgang des langj\u00e4hrigen Erfolgscoaches Bernhard Lammers steht die 1. auch aktuell sehr gut dar und will mit Neucoach Gerritzen fr\u00fchzeitig den Klassenerhalt klarmachen!<\/p>\n\n\n\n<p class=\"has-medium-font-size\">Aber auch in 2019 hat der Vorstand einige Aufgaben vor der Brust.. So soll neben der Lautsprechanlage noch die Planungen f\u00fcr eine neue \u0097Toilettenanlage \u0097aufgenommen werden. Zudem sind unsere Allrounder &#8222;Pluto &amp; Horri&#8220; am Platz dabei den Stehbereich am Hauptplatz auszubessern und anl\u00e4sslich des 70 j\u00e4hrigen Vereinsjubil\u00e4ums steht am 13. Juli die 1. Auflage des  \u0097Sparkassen-Blitzturnier mit Listrup I, Leschede I, Salzbergen I sowie Emsb\u00fcren I in Listrup an!<\/p>\n\n\n\n<p class=\"has-medium-font-size\">Von der Versammlung zum Sportler des Jahres 2018 gew\u00e4hlt wurde Gerrit Hindricks mit knapper Mehrheit vor Albat R\u00f6ttering. Gerrit trainiert aktuell die 2. Herren und war auch schon davon jahrelang als Co-Trainer von Bernhard Lammers ehrenamtlich f\u00fcr unsere Seniorenmannschaften t\u00e4tig!<br>Zum Fu\u00dfballer des Jahres 2018 wurde Denis Wittmoser geehrt, der \u00fcber Jahre hinweg in der 1. Mannschaft spielte und auch zuletzt in der 2. Herren durch seine unerm\u00fcdliche Bereitschaft bei den Spielen mitzuwirken gl\u00e4nzte! Fu\u00dfballerin des Jahres wurde Julia Glasfort, die als Topscorerin der 1. Damen ma\u00dfgeblich am Aufstieg in die Bezirksliga beteiligt war! Jugendfussballer 2018 wurde Mattes Kirchwehm: Als j\u00fcngerer Jahrgang spielt der Defensivallrounder bereits in der B1 unserer JSG und nimmt obendrei den &#8222;weiten&#8220; Fahrtweg von Holsten bis Emsb\u00fcren f\u00fcr unseren SVL auf sich! Jugendfussballerin wurde Kaja Prus, die sich als M\u00e4dchen in unserer B-Jugend bei den Jungs super behauptet und ein fester Bestandteil der Truppe von Uwe Vogt ist! <br>Nochmals Gl\u00fcckwunsch an alle Geehrten!<br><\/p>\n\n\n\n<p class=\"has-medium-font-size\">Einen gro\u00dfen Dank f\u00fcr jahrzehntelange Ehrenamtliche Arbeit bekamen die Eheleute Silvia und Alfons Duitz!  Zusammen haben Alfons (als Jugentrainer\/Jugendwart) und Silvia  (Kassenw\u00e4rtin Vorstand) \u00fcber 50 Jahre ehrenamtlich f\u00fcr den SVL gearbeitet! Bei der Ehrung gab es zun\u00e4chst minutenlangen Applaus von den anwesenden Vereinsmitgliedern und zahlreiche dankende Worte vom 1. Vorsitzenden Meyering. Obendrein \u00fcberbrachte der Stellv. Vorsitzender des NFV Kreis Emsland Heinz-Gerd  Everst im Namen des NFV seinen Dank und \u00fcberreichte zwei Ehrennadeln f\u00fcr jahrelange ehrenamtliche Arbeit!<\/p>\n\n\n\n<p class=\"has-medium-font-size\">Zum Abschluss der Versammlung wurde noch die Vereinshymne vorgestellt, die k\u00fcnftig bei Heimspielen durch die neue Lautsprechanlage erklingen soll. Die Hymne gibts hier: <a href=\"https:\/\/www.sv-listrup.de\/?p=4943\">https:\/\/www.sv-listrup.de\/?p=4943 <\/a><br><br><\/p>\n\n\n\n<ul class=\"wp-block-gallery columns-3 is-cropped wp-block-gallery-1 is-layout-flex wp-block-gallery-is-layout-flex\"><li class=\"blocks-gallery-item\"><figure><img loading=\"lazy\" decoding=\"async\" width=\"1024\" height=\"768\" src=\"https:\/\/www.sv-listrup.de\/wp-content\/uploads\/2019\/03\/DSCI3650-1024x768.jpg\" alt=\"\" data-id=\"4963\" data-link=\"https:\/\/www.sv-listrup.de\/?attachment_id=4963\" class=\"wp-image-4963\" srcset=\"https:\/\/www.sv-listrup.de\/wp-content\/uploads\/2019\/03\/DSCI3650-1024x768.jpg 1024w, https:\/\/www.sv-listrup.de\/wp-content\/uploads\/2019\/03\/DSCI3650-300x225.jpg 300w, https:\/\/www.sv-listrup.de\/wp-content\/uploads\/2019\/03\/DSCI3650-768x576.jpg 768w\" sizes=\"auto, (max-width: 1024px) 100vw, 1024px\" \/><figcaption>Wieder eine sehr gut besuchte Generalversammlung!<\/figcaption><\/figure><\/li><li class=\"blocks-gallery-item\"><figure><img loading=\"lazy\" decoding=\"async\" width=\"1024\" height=\"768\" src=\"https:\/\/www.sv-listrup.de\/wp-content\/uploads\/2019\/03\/DSCI3647-1024x768.jpg\" alt=\"\" data-id=\"4962\" data-link=\"https:\/\/www.sv-listrup.de\/?attachment_id=4962\" class=\"wp-image-4962\" srcset=\"https:\/\/www.sv-listrup.de\/wp-content\/uploads\/2019\/03\/DSCI3647-1024x768.jpg 1024w, https:\/\/www.sv-listrup.de\/wp-content\/uploads\/2019\/03\/DSCI3647-300x225.jpg 300w, https:\/\/www.sv-listrup.de\/wp-content\/uploads\/2019\/03\/DSCI3647-768x576.jpg 768w\" sizes=\"auto, (max-width: 1024px) 100vw, 1024px\" \/><figcaption>Zum 70 j\u00e4hrigem Jubil\u00e4um gab der Verein ein Fass Freibier f\u00fcr alle anwesenden Vereinsmitglieder aus!<\/figcaption><\/figure><\/li><li class=\"blocks-gallery-item\"><figure><img loading=\"lazy\" decoding=\"async\" width=\"1024\" height=\"768\" src=\"https:\/\/www.sv-listrup.de\/wp-content\/uploads\/2019\/03\/DSCI3668-1024x768.jpg\" alt=\"\" data-id=\"4969\" data-link=\"https:\/\/www.sv-listrup.de\/?attachment_id=4969\" class=\"wp-image-4969\" srcset=\"https:\/\/www.sv-listrup.de\/wp-content\/uploads\/2019\/03\/DSCI3668-1024x768.jpg 1024w, https:\/\/www.sv-listrup.de\/wp-content\/uploads\/2019\/03\/DSCI3668-300x225.jpg 300w, https:\/\/www.sv-listrup.de\/wp-content\/uploads\/2019\/03\/DSCI3668-768x576.jpg 768w\" sizes=\"auto, (max-width: 1024px) 100vw, 1024px\" \/><figcaption>Jugendfussballer des Jahres: Mattes Kirchwehm<\/figcaption><\/figure><\/li><li class=\"blocks-gallery-item\"><figure><img loading=\"lazy\" decoding=\"async\" width=\"1024\" height=\"768\" src=\"https:\/\/www.sv-listrup.de\/wp-content\/uploads\/2019\/03\/DSCI3670-1024x768.jpg\" alt=\"\" data-id=\"4970\" data-link=\"https:\/\/www.sv-listrup.de\/?attachment_id=4970\" class=\"wp-image-4970\" srcset=\"https:\/\/www.sv-listrup.de\/wp-content\/uploads\/2019\/03\/DSCI3670-1024x768.jpg 1024w, https:\/\/www.sv-listrup.de\/wp-content\/uploads\/2019\/03\/DSCI3670-300x225.jpg 300w, https:\/\/www.sv-listrup.de\/wp-content\/uploads\/2019\/03\/DSCI3670-768x576.jpg 768w\" sizes=\"auto, (max-width: 1024px) 100vw, 1024px\" \/><figcaption>Jugendfussballerin des Jahres: Kaja Prus<\/figcaption><\/figure><\/li><li class=\"blocks-gallery-item\"><figure><img loading=\"lazy\" decoding=\"async\" width=\"1024\" height=\"768\" src=\"https:\/\/www.sv-listrup.de\/wp-content\/uploads\/2019\/03\/DSCI3672-1024x768.jpg\" alt=\"\" data-id=\"4971\" data-link=\"https:\/\/www.sv-listrup.de\/?attachment_id=4971\" class=\"wp-image-4971\" srcset=\"https:\/\/www.sv-listrup.de\/wp-content\/uploads\/2019\/03\/DSCI3672-1024x768.jpg 1024w, https:\/\/www.sv-listrup.de\/wp-content\/uploads\/2019\/03\/DSCI3672-300x225.jpg 300w, https:\/\/www.sv-listrup.de\/wp-content\/uploads\/2019\/03\/DSCI3672-768x576.jpg 768w\" sizes=\"auto, (max-width: 1024px) 100vw, 1024px\" \/><figcaption>Fussballerin des Jahres:<br>Julia Glasfort<\/figcaption><\/figure><\/li><li class=\"blocks-gallery-item\"><figure><img loading=\"lazy\" decoding=\"async\" width=\"1024\" height=\"768\" src=\"https:\/\/www.sv-listrup.de\/wp-content\/uploads\/2019\/03\/DSCI3664-1024x768.jpg\" alt=\"\" data-id=\"4967\" data-link=\"https:\/\/www.sv-listrup.de\/?attachment_id=4967\" class=\"wp-image-4967\" srcset=\"https:\/\/www.sv-listrup.de\/wp-content\/uploads\/2019\/03\/DSCI3664-1024x768.jpg 1024w, https:\/\/www.sv-listrup.de\/wp-content\/uploads\/2019\/03\/DSCI3664-300x225.jpg 300w, https:\/\/www.sv-listrup.de\/wp-content\/uploads\/2019\/03\/DSCI3664-768x576.jpg 768w\" sizes=\"auto, (max-width: 1024px) 100vw, 1024px\" \/><figcaption> <br>Eine besondere Ehrung kam in diesem Jahr den Eheleuten Silvia und Alfons Duitz zu Teil!<\/figcaption><\/figure><\/li><li class=\"blocks-gallery-item\"><figure><img loading=\"lazy\" decoding=\"async\" width=\"1024\" height=\"768\" src=\"https:\/\/www.sv-listrup.de\/wp-content\/uploads\/2019\/03\/DSCI3660-1024x768.jpg\" alt=\"\" data-id=\"4966\" data-link=\"https:\/\/www.sv-listrup.de\/?attachment_id=4966\" class=\"wp-image-4966\" srcset=\"https:\/\/www.sv-listrup.de\/wp-content\/uploads\/2019\/03\/DSCI3660-1024x768.jpg 1024w, https:\/\/www.sv-listrup.de\/wp-content\/uploads\/2019\/03\/DSCI3660-300x225.jpg 300w, https:\/\/www.sv-listrup.de\/wp-content\/uploads\/2019\/03\/DSCI3660-768x576.jpg 768w\" sizes=\"auto, (max-width: 1024px) 100vw, 1024px\" \/><figcaption> <br>Stellv. Vorsitzender des NFV Kreis Emsland<br> Heinz-Gerd  Evers \u00fcberbringt im Namen des NFV seinen Dank <\/figcaption><\/figure><\/li><li class=\"blocks-gallery-item\"><figure><img loading=\"lazy\" decoding=\"async\" width=\"1024\" height=\"768\" src=\"https:\/\/www.sv-listrup.de\/wp-content\/uploads\/2019\/03\/DSCI3665-1024x768.jpg\" alt=\"\" data-id=\"4968\" data-link=\"https:\/\/www.sv-listrup.de\/?attachment_id=4968\" class=\"wp-image-4968\" srcset=\"https:\/\/www.sv-listrup.de\/wp-content\/uploads\/2019\/03\/DSCI3665-1024x768.jpg 1024w, https:\/\/www.sv-listrup.de\/wp-content\/uploads\/2019\/03\/DSCI3665-300x225.jpg 300w, https:\/\/www.sv-listrup.de\/wp-content\/uploads\/2019\/03\/DSCI3665-768x576.jpg 768w\" sizes=\"auto, (max-width: 1024px) 100vw, 1024px\" \/><figcaption>Zusammen haben Alfons (als Jugentrainer\/ Jugendwart) und Silvia (Kassenw\u00e4rtin Vorstand) \u00fcber 50 Jahre ehrenamtlich f\u00fcr den SVL gearbeitet!<\/figcaption><\/figure><\/li><li class=\"blocks-gallery-item\"><figure><img loading=\"lazy\" decoding=\"async\" width=\"1024\" height=\"768\" src=\"https:\/\/www.sv-listrup.de\/wp-content\/uploads\/2019\/03\/DSCI3655-1024x768.jpg\" alt=\"\" data-id=\"4965\" data-link=\"https:\/\/www.sv-listrup.de\/?attachment_id=4965\" class=\"wp-image-4965\" srcset=\"https:\/\/www.sv-listrup.de\/wp-content\/uploads\/2019\/03\/DSCI3655-1024x768.jpg 1024w, https:\/\/www.sv-listrup.de\/wp-content\/uploads\/2019\/03\/DSCI3655-300x225.jpg 300w, https:\/\/www.sv-listrup.de\/wp-content\/uploads\/2019\/03\/DSCI3655-768x576.jpg 768w\" sizes=\"auto, (max-width: 1024px) 100vw, 1024px\" \/><figcaption>Auch der 1. Vorsitzende Markus Meyering dankt den beiden im Namen aller Vereinsmitglieder f\u00fcr Ihre Leistung!<\/figcaption><\/figure><\/li><li class=\"blocks-gallery-item\"><figure><img loading=\"lazy\" decoding=\"async\" width=\"1024\" height=\"768\" src=\"https:\/\/www.sv-listrup.de\/wp-content\/uploads\/2019\/03\/DSCI3652-1024x768.jpg\" alt=\"\" data-id=\"4964\" data-link=\"https:\/\/www.sv-listrup.de\/?attachment_id=4964\" class=\"wp-image-4964\" srcset=\"https:\/\/www.sv-listrup.de\/wp-content\/uploads\/2019\/03\/DSCI3652-1024x768.jpg 1024w, https:\/\/www.sv-listrup.de\/wp-content\/uploads\/2019\/03\/DSCI3652-300x225.jpg 300w, https:\/\/www.sv-listrup.de\/wp-content\/uploads\/2019\/03\/DSCI3652-768x576.jpg 768w\" sizes=\"auto, (max-width: 1024px) 100vw, 1024px\" \/><figcaption>Als Dank gab es nat\u00fcrlich Blumen und einen Gutschein f\u00fcr ein gemeinsames Abendessen!<\/figcaption><\/figure><\/li><li class=\"blocks-gallery-item\"><figure><img loading=\"lazy\" decoding=\"async\" width=\"1024\" height=\"768\" src=\"https:\/\/www.sv-listrup.de\/wp-content\/uploads\/2019\/03\/DSCI3675-1024x768.jpg\" alt=\"\" data-id=\"4959\" data-link=\"https:\/\/www.sv-listrup.de\/?attachment_id=4959\" class=\"wp-image-4959\" srcset=\"https:\/\/www.sv-listrup.de\/wp-content\/uploads\/2019\/03\/DSCI3675-1024x768.jpg 1024w, https:\/\/www.sv-listrup.de\/wp-content\/uploads\/2019\/03\/DSCI3675-300x225.jpg 300w, https:\/\/www.sv-listrup.de\/wp-content\/uploads\/2019\/03\/DSCI3675-768x576.jpg 768w\" sizes=\"auto, (max-width: 1024px) 100vw, 1024px\" \/><figcaption>Fu\u00dfballer des Jahres 2019:<br>Denis Wittmoser<\/figcaption><\/figure><\/li><li class=\"blocks-gallery-item\"><figure><img loading=\"lazy\" decoding=\"async\" width=\"1024\" height=\"768\" src=\"https:\/\/www.sv-listrup.de\/wp-content\/uploads\/2019\/03\/DSCI3677-1024x768.jpg\" alt=\"\" data-id=\"4960\" data-link=\"https:\/\/www.sv-listrup.de\/?attachment_id=4960\" class=\"wp-image-4960\" srcset=\"https:\/\/www.sv-listrup.de\/wp-content\/uploads\/2019\/03\/DSCI3677-1024x768.jpg 1024w, https:\/\/www.sv-listrup.de\/wp-content\/uploads\/2019\/03\/DSCI3677-300x225.jpg 300w, https:\/\/www.sv-listrup.de\/wp-content\/uploads\/2019\/03\/DSCI3677-768x576.jpg 768w\" sizes=\"auto, (max-width: 1024px) 100vw, 1024px\" \/><figcaption>Sportler des Jahres 2019:<br>Gerrit Hindricks<\/figcaption><\/figure><\/li><li class=\"blocks-gallery-item\"><figure><img loading=\"lazy\" decoding=\"async\" width=\"1024\" height=\"768\" src=\"https:\/\/www.sv-listrup.de\/wp-content\/uploads\/2019\/03\/DSCI3683-1024x768.jpg\" alt=\"\" data-id=\"4961\" data-link=\"https:\/\/www.sv-listrup.de\/?attachment_id=4961\" class=\"wp-image-4961\" srcset=\"https:\/\/www.sv-listrup.de\/wp-content\/uploads\/2019\/03\/DSCI3683-1024x768.jpg 1024w, https:\/\/www.sv-listrup.de\/wp-content\/uploads\/2019\/03\/DSCI3683-300x225.jpg 300w, https:\/\/www.sv-listrup.de\/wp-content\/uploads\/2019\/03\/DSCI3683-768x576.jpg 768w\" sizes=\"auto, (max-width: 1024px) 100vw, 1024px\" \/><figcaption>Alle Geehrten zusammen mit dem 1. Vorsitzenden des SVL Markus Meyering sowie  Heinz-Gerd  Evers  als Stellv. Vorsitzender des NFV Emsland! <\/figcaption><\/figure><\/li><\/ul>\n","protected":false},"excerpt":{"rendered":"<p>Auch in diesem Jahr war die Generalversammlung unseres SVL sehr gut besucht! \u00dcber 70 Teilnehmer lauschten den Worten des Vereinsvorstandes um den 1. Vorsitzenden Markus Meyering! Nach einem R\u00fcckblick auf die letztj\u00e4hrige Generalversammlung, in der der langj\u00e4hrige 1. Vorsitzende Werner &#8222;Pluto&#8220; Pl\u00fcth geb\u00fchrend verabschiedet\/geehrt wurde, wurde speziell der Kassenbericht von Kassenw\u00e4rtin Silvia Duitz mit Neugier verfolgt, denn 2018 standen einige gro\u00dfe Investitionen auf dem Programm. Erfreulich war dann das positve Kassenergebnis, dass der Verein durch zahlreiches Sponsoring zur Deckung der Investitionen, vermehrte Einnahmen bei Heimspielen (Kreisligaderbys gegen Emsb\u00fcren I, Leschede I) sowie einem extrem erfolgreichem 2. Sportfest verbuchen konnte. Zur Info: zu den zahlreichen Projekten 2018 z\u00e4hlten u.a. \u0097das neue Spielger\u00e4t\/Spielplatz, \u0097Flutlichtmast, \u0097Fertigstellung Trainerb\u00e4nke, \u0097Verschiedene Pflasterarbeiten, \u0097neuer Schiedsrichterraum, \u0097Parkplatzbeleuchtung, \u0097Bandenwerbung Nebenplatz, \u0097Aufsitzrasenm\u00e4her und ein \u0097WLAN Hotspot! Der Gesch\u00e4ftsf\u00fchrer Fu\u00dfball &#8222;BB&#8220; berichtete von den Erfolgen aus den Seniorenmannschaften, wo die 1. Damen den Wiederaufstieg in die Bezirksliga schafften und die 1. &amp; 2. Herren den Klassenerhalt in der Kreisliga Emsland bzw. 2. Kreisklasse bejubeln konnten. Trotz des Abgang des langj\u00e4hrigen Erfolgscoaches Bernhard Lammers steht die 1. auch aktuell sehr gut dar [&hellip;]<\/p>\n","protected":false},"author":7,"featured_media":4961,"comment_status":"open","ping_status":"open","sticky":false,"template":"","format":"standard","meta":{"footnotes":""},"categories":[1,25],"tags":[],"class_list":["post-4972","post","type-post","status-publish","format-standard","has-post-thumbnail","hentry","category-allgemein","category-generalversammlung"],"_links":{"self":[{"href":"https:\/\/www.sv-listrup.de\/index.php?rest_route=\/wp\/v2\/posts\/4972","targetHints":{"allow":["GET"]}}],"collection":[{"href":"https:\/\/www.sv-listrup.de\/index.php?rest_route=\/wp\/v2\/posts"}],"about":[{"href":"https:\/\/www.sv-listrup.de\/index.php?rest_route=\/wp\/v2\/types\/post"}],"author":[{"embeddable":true,"href":"https:\/\/www.sv-listrup.de\/index.php?rest_route=\/wp\/v2\/users\/7"}],"replies":[{"embeddable":true,"href":"https:\/\/www.sv-listrup.de\/index.php?rest_route=%2Fwp%2Fv2%2Fcomments&post=4972"}],"version-history":[{"count":6,"href":"https:\/\/www.sv-listrup.de\/index.php?rest_route=\/wp\/v2\/posts\/4972\/revisions"}],"predecessor-version":[{"id":4980,"href":"https:\/\/www.sv-listrup.de\/index.php?rest_route=\/wp\/v2\/posts\/4972\/revisions\/4980"}],"wp:featuredmedia":[{"embeddable":true,"href":"https:\/\/www.sv-listrup.de\/index.php?rest_route=\/wp\/v2\/media\/4961"}],"wp:attachment":[{"href":"https:\/\/www.sv-listrup.de\/index.php?rest_route=%2Fwp%2Fv2%2Fmedia&parent=4972"}],"wp:term":[{"taxonomy":"category","embeddable":true,"href":"https:\/\/www.sv-listrup.de\/index.php?rest_route=%2Fwp%2Fv2%2Fcategories&post=4972"},{"taxonomy":"post_tag","embeddable":true,"href":"https:\/\/www.sv-listrup.de\/index.php?rest_route=%2Fwp%2Fv2%2Ftags&post=4972"}],"curies":[{"name":"wp","href":"https:\/\/api.w.org\/{rel}","templated":true}]}}