{"id":4997,"date":"2019-03-11T08:35:01","date_gmt":"2019-03-11T07:35:01","guid":{"rendered":"http:\/\/sv-listrup.de\/?p=4997"},"modified":"2019-03-11T08:35:01","modified_gmt":"2019-03-11T07:35:01","slug":"%ef%bb%bfjsg-sieg-und-niederlage-gegen-die-jsg-twist","status":"publish","type":"post","link":"https:\/\/www.sv-listrup.de\/?p=4997","title":{"rendered":"\ufeffJSG: Sieg und Niederlage gegen die JSG Twist!"},"content":{"rendered":"\n<p><strong><br><\/strong><\/p>\n\n\n\n<p> Sowohl f\u00fcr unsere U19, als auch f\u00fcr unsere U17 stand in der vergangenen Woche jeweils ein Bezirksliga-Heimspiel gegen die JSG Twist auf dem Programm. W\u00e4hrend die eine Mannschaft einen absolut verdienten Sieg einfuhr, haderte die andere Mannschaft mit vergebenen Chancen und sehr ungl\u00fccklichen Schlussminuten!<\/p>\n\n\n\n<p><strong>U19:<\/strong><\/p>\n\n\n\n<p>Endlich wieder in Bestbesetzung trat unser A1 am\nDonnerstagabend auf dem Kunstrasenplatz des Concordia-Parks gegen die\nkombinierten Jungs von Germania und Grenzland an.<\/p>\n\n\n\n<p>Nach der intensiven Vorbereitung bestimmte die\nMannschaft von Uwe Lowak und Klaus Frecken von Anfang an das Spiel, und das\ntrotz erheblichen Gegenwinds in Durchgang Eins! W\u00e4hrend unsere Offensive sich\nhier ein paar Chancen erspielten, die jedoch vergeben wurden, hatten die G\u00e4ste\neigentlich keine Chance.<\/p>\n\n\n\n<p>Dieses verst\u00e4rkte sich noch in der zweiten Halbzeit,\nals auch noch der nun herrschende starke R\u00fcckenwind dazu kam. Dennoch bedurfte\nes zur F\u00fchrung eines Gast-Geschenks, an dem Arnd Zeigler seine helle Freude\ngehabt haben d\u00fcrfte: Einen R\u00fcckpass eines eigenen Spielers untersch\u00e4tze der\nG\u00e4ste-Keeper, so dass der Ball zum 1:0 \u00fcber die Linie trudelte. <\/p>\n\n\n\n<p>Ein sehr ungew\u00f6hnliches und sch\u00f6nes Tor, zu dem der\nWind nat\u00fcrlich beitrug, war dann das 2:0: Aus \u00fcber 50 Metern von der\nMittellinie hielt Jan Roling einen Freisto\u00df einfach mal drauf und der Ball\nschlug links oben im gegnerischen Geh\u00e4use ein!<\/p>\n\n\n\n<p>Auch Torh\u00fcter Christian Jan\u00dfen trug sich noch fast in\ndie Torsch\u00fctzenliste ein, als ein eigentlich als \u201eKl\u00e4rung im eigenen 16er\u201c\ngedachter langer Ball noch vom gegnerischen Torwart \u00fcber die Latte gelenkt\nwurde.<\/p>\n\n\n\n<p>Yannek Midden besorgte dann nach einem Eckball am Ende\ndas 3:0, dass aufgrund der gr\u00f6\u00dferen Spielanteile am Ende auch verdient war.\nErst gegen Ende der Begegnung kamen die G\u00e4ste noch zu zwei Torchancen.<\/p>\n\n\n\n<p>Unsere U19 konnte sich damit vorerst aus der\nAbstiegszone \u00fcber den Strich katapultieren, hat jedoch noch ein oder zwei\nSpiele mehr ausgetragen wie die Konkurrenz. Am kommenden Wochenende haben die\nJungs spielfrei, ehe es am 23.03. zum VfL Herzlake geht.<\/p>\n\n\n\n<p><strong>U17:<\/strong><\/p>\n\n\n\n<p>Ein sehr ansehnliches Spiel machte auch unsere U17 am\nSamstag insbesondere in der ersten Halbzeit, ebenfalls gegen die JSG Twist. Unsere\nB1 bestimmte klar das Spiel und ging durch Nico Seltier in der 28. Spielminute\nauch verdient in F\u00fchrung.<\/p>\n\n\n\n<p>Nach einem Foul im Strafraum an Nico Seltier kurz vor\nder Halbzeit trat der Gefoulte selbst zum Elfmeter an. Leider konnte er diesen\njedoch nicht im Tor unterbringen, so dass es mit 1:0 in die Kabinen ging.<\/p>\n\n\n\n<p>Bei sehr widrigem Wetter entwickelte sich in der\nzweiten Halbzeit ein ausgeglichenes Spiel mit Chancen auf beiden Seiten. Leider\nverpasste es hier unser Team auch weiterhin auf 2:0 zu erh\u00f6hen. Ein sehr gutes\nSpiel machten die beiden Innenverteidiger Dominik Drees und Silas Stein. Nach\neiner Verletzung von Dominik musste Trainer Bobby Sch\u00fcring gegen Ende der\nBegegnung umstellen. <\/p>\n\n\n\n<p>Sehr ungl\u00fccklich f\u00fcr unsere Mannschaft fielen dann in\nden letzten sechs Minuten noch die Treffer zum 1:1 und zum 1:2. Mindestens ein\nUnentschieden w\u00e4re eigentlich verdient gewesen.<\/p>\n\n\n\n<p>Unsere B1 bleibt damit weiterhin knapp vor der\nAbstiegszone. Am kommenden Samstag steht das Ausw\u00e4rtsspiel beim JFV Hasel\u00fcnne\nan, Ansto\u00df ist um 16.00 Uhr im Stadion des Hasel\u00fcnner SV.<\/p>\n\n\n\n<p><strong>U15:<\/strong><\/p>\n\n\n\n<p>Am Wochenende stand f\u00fcr unsere U15 eigentlich das\nletzte Vorbereitungsspiel gegen die B1 der JSG Darme\/Schepsdorf an. Dieses\nSpiel wurde von den G\u00e4sten jedoch leider kurzfristig krankheitsbedingt\nabgesagt.<\/p>\n\n\n\n<p>Am kommenden Dienstag (12.03.) beginnt nun auch f\u00fcr\nunsere U15 die R\u00fcckrunde mit dem Kreispokal-Halbfinale bei Olympia Laxten 2.\nDie Begegnung findet um 18.00 Uhr auf dem Sportgel\u00e4nde am Dieksee statt.<\/p>\n\n\n\n<p>Hier die\nPartien in der kommenden Woche f\u00fcr unsere U19, U17 und U15:<\/p>\n\n\n\n<table class=\"wp-block-table has-fixed-layout\"><tbody><tr><td>   Team   <\/td><td>\n  <strong>Datum<\/strong>\n  <\/td><td>\n  <strong>Ansto\u00df<\/strong>\n  <\/td><td>\n  <strong>Spiel<\/strong>\n  <\/td><\/tr><tr><td>\n  <strong>U19:<\/strong>\n  <\/td><td>\n  <strong>&nbsp;<\/strong>\n  <\/td><td>\n  <strong>&nbsp;<\/strong>\n  <\/td><td>\n  Spielfrei \n  <\/td><\/tr><tr><td>\n  <strong>U17:<\/strong>\n  <\/td><td>\n  <strong>Sa, 16.03.<\/strong>\n  <\/td><td>\n  <strong>16.00<\/strong>\n  <\/td><td>\n  JFV Hasel\u00fcnne \u2013 JSG U17 (beim\n  Hasel\u00fcnner SV)\n  <\/td><\/tr><tr><td>\n  <strong>U15:<\/strong>\n  <\/td><td>\n  <strong>Di, 12.03.<\/strong>\n  <\/td><td>\n  <strong>18:00<\/strong>\n  <\/td><td>\n  Olympia Laxten 2 \u2013 JSG U15\n  (Kreispokal-Halbfinale)\n  <\/td><\/tr><\/tbody><\/table>\n\n\n\n<p>Text: Heiner\nFeldmann<\/p>\n","protected":false},"excerpt":{"rendered":"<p>Sowohl f\u00fcr unsere U19, als auch f\u00fcr unsere U17 stand in der vergangenen Woche jeweils ein Bezirksliga-Heimspiel gegen die JSG Twist auf dem Programm. W\u00e4hrend die eine Mannschaft einen absolut verdienten Sieg einfuhr, haderte die andere Mannschaft mit vergebenen Chancen und sehr ungl\u00fccklichen Schlussminuten! U19: Endlich wieder in Bestbesetzung trat unser A1 am Donnerstagabend auf dem Kunstrasenplatz des Concordia-Parks gegen die kombinierten Jungs von Germania und Grenzland an. Nach der intensiven Vorbereitung bestimmte die Mannschaft von Uwe Lowak und Klaus Frecken von Anfang an das Spiel, und das trotz erheblichen Gegenwinds in Durchgang Eins! W\u00e4hrend unsere Offensive sich hier ein paar Chancen erspielten, die jedoch vergeben wurden, hatten die G\u00e4ste eigentlich keine Chance. Dieses verst\u00e4rkte sich noch in der zweiten Halbzeit, als auch noch der nun herrschende starke R\u00fcckenwind dazu kam. Dennoch bedurfte es zur F\u00fchrung eines Gast-Geschenks, an dem Arnd Zeigler seine helle Freude gehabt haben d\u00fcrfte: Einen R\u00fcckpass eines eigenen Spielers untersch\u00e4tze der G\u00e4ste-Keeper, so dass der Ball zum 1:0 \u00fcber die Linie trudelte. Ein sehr ungew\u00f6hnliches und sch\u00f6nes Tor, zu dem der Wind nat\u00fcrlich beitrug, war dann [&hellip;]<\/p>\n","protected":false},"author":7,"featured_media":3509,"comment_status":"open","ping_status":"open","sticky":false,"template":"","format":"standard","meta":{"footnotes":""},"categories":[1],"tags":[],"class_list":["post-4997","post","type-post","status-publish","format-standard","has-post-thumbnail","hentry","category-allgemein"],"_links":{"self":[{"href":"https:\/\/www.sv-listrup.de\/index.php?rest_route=\/wp\/v2\/posts\/4997","targetHints":{"allow":["GET"]}}],"collection":[{"href":"https:\/\/www.sv-listrup.de\/index.php?rest_route=\/wp\/v2\/posts"}],"about":[{"href":"https:\/\/www.sv-listrup.de\/index.php?rest_route=\/wp\/v2\/types\/post"}],"author":[{"embeddable":true,"href":"https:\/\/www.sv-listrup.de\/index.php?rest_route=\/wp\/v2\/users\/7"}],"replies":[{"embeddable":true,"href":"https:\/\/www.sv-listrup.de\/index.php?rest_route=%2Fwp%2Fv2%2Fcomments&post=4997"}],"version-history":[{"count":1,"href":"https:\/\/www.sv-listrup.de\/index.php?rest_route=\/wp\/v2\/posts\/4997\/revisions"}],"predecessor-version":[{"id":4998,"href":"https:\/\/www.sv-listrup.de\/index.php?rest_route=\/wp\/v2\/posts\/4997\/revisions\/4998"}],"wp:featuredmedia":[{"embeddable":true,"href":"https:\/\/www.sv-listrup.de\/index.php?rest_route=\/wp\/v2\/media\/3509"}],"wp:attachment":[{"href":"https:\/\/www.sv-listrup.de\/index.php?rest_route=%2Fwp%2Fv2%2Fmedia&parent=4997"}],"wp:term":[{"taxonomy":"category","embeddable":true,"href":"https:\/\/www.sv-listrup.de\/index.php?rest_route=%2Fwp%2Fv2%2Fcategories&post=4997"},{"taxonomy":"post_tag","embeddable":true,"href":"https:\/\/www.sv-listrup.de\/index.php?rest_route=%2Fwp%2Fv2%2Ftags&post=4997"}],"curies":[{"name":"wp","href":"https:\/\/api.w.org\/{rel}","templated":true}]}}