{"id":5014,"date":"2019-03-19T08:01:38","date_gmt":"2019-03-19T07:01:38","guid":{"rendered":"http:\/\/sv-listrup.de\/?p=5014"},"modified":"2019-03-19T08:02:12","modified_gmt":"2019-03-19T07:02:12","slug":"%ef%bb%bfspielausfaelle-auch-bei-der-jsg-attraktive-spiele-in-der-kommenden-woche","status":"publish","type":"post","link":"https:\/\/www.sv-listrup.de\/?p=5014","title":{"rendered":"\ufeffSpielausf\u00e4lle auch bei der JSG \u2013 attraktive Spiele in der kommenden Woche!"},"content":{"rendered":"\n<p><br>\nFast\nvollst\u00e4ndig ruhte an diesem Wochenende der Ball auch bei der JSG\nEmsb\u00fcren\/Leschede\/Listrup! Der ausgiebige t\u00e4gliche, horizontal fallende Regen\nsorgte bei der U17 und der U15 f\u00fcr Spielausf\u00e4lle, die U19 hatte eh spielfrei.\nBesserung verspricht die kommende Woche, wenn sich ein Hoch auch \u00fcber den\nFu\u00dfballpl\u00e4tzen der Gemeinde Emsb\u00fcren breit machen soll!<\/p>\n\n\n\n<p><strong>U19:<\/strong><\/p>\n\n\n\n<p>Gute Trainingseinheiten auf dem Emsb\u00fcrener Kunstrasen\nkonnte unsere U19 in dieser Woche absolvieren. Alle Spieler sind fit!<\/p>\n\n\n\n<p>&nbsp;Die Mannschaft\nder Trainer Uwe Lowak und Klaus Frecken bereitet sich nun auf das Ausw\u00e4rtsspiel\nbeim VfL Herzlake am kommenden Samstag vor, wenn der tolle Trend der letzten\nWochen fortgesetzt werden soll!<\/p>\n\n\n\n<p><strong>U17:<\/strong><\/p>\n\n\n\n<p>F\u00fcr das&nbsp;\nAusw\u00e4rtsspiel beim JFV Hasel\u00fcnne h\u00e4tte es einen Sportartwechsel zum\nWasserball geben m\u00fcssen, so dass dieses voraussichtlich am 26.03.2019\nnachgeholt wird.<\/p>\n\n\n\n<p>Unsere U17-Jungs vom Trainerteam um&nbsp; Bobby Sch\u00fcring sind bereits beim Dienstag\nbeim Tabellenf\u00fchrer JLZ Emsland U16 zu Gast, bei denen wieder der Emsb\u00fcrener\nJan-Hendrik L\u00fcken mitwirken d\u00fcrfte.<\/p>\n\n\n\n<p>Hier wird unsere B1 klarer Au\u00dfenseiter sein, hofft\njedoch darauf eine \u00dcberraschung zu schaffen. Das Spiel wird auf einem\nNebenplatz der H\u00e4nsch-Arena ausgetragen.<\/p>\n\n\n\n<p><strong>U15:<\/strong><\/p>\n\n\n\n<p>Auch das Kreispokal-Halbfinale bei Olympia Laxten 2 am\nDienstag fiel dem Regen zum Opfer. Als auch noch das Testspiel am Samstag auf\ndem Kunstrasenplatz gegen Westfalia Hopsten kurzfristig abgesagt wurde, gelang\nes dem Trainerteam Stefan J\u00fcrgens und Heiner Feldmann noch ein Spiel gegen die\nebenfalls auf Gegenersuche befindlichen Frauen der SG Listrup\/Leschede zu\nvereinbaren. Dieses konnte zum Gl\u00fcck auch ausgetragen werden, so dass die\nM\u00e4dels und Jungs weiterhin im Spielrhythmus bleiben.<\/p>\n\n\n\n<p>Am kommenden Sonntag startet nun auch f\u00fcr unser U15 endlich die R\u00fcckrunde der Meisterschaft, und dieses gleich mit\neinem Knaller: Dem Derby gegen den SVA Salzbergen!<\/p>\n\n\n\n<p>Hier die\nPartien in der kommenden Woche f\u00fcr unsere U19, U17 und U15:<\/p>\n\n\n\n<table class=\"wp-block-table alignleft is-style-regular\"><tbody><tr><td>   <strong>Team<\/strong>          <\/td><td>   <strong>Datum<\/strong>                     <\/td><td><strong>Ansto\u00df<\/strong>           <\/td><td>   <strong>Spiel<\/strong>                                                                          <\/td><\/tr><tr><td>\n  <strong>U19:<\/strong>\n  <\/td><td>\n  <strong>Sa., 23.03.<\/strong>\n  <\/td><td>\n  <strong>16.00<\/strong>\n  <\/td><td>\n  VfL Herzlake \u2013 JSG U19\n  <\/td><\/tr><tr><td>\n  <strong>U17:<\/strong>\n  <\/td><td>\n  <strong>Di., 19.03.<\/strong>\n  <\/td><td>\n  <strong>19.00<\/strong>\n  <\/td><td>\n  JLZ Emsland U16 \u2013 JSG U17\n  (H\u00e4nsch-Arena Meppen)\n  <\/td><\/tr><tr><td>\n  <strong>U15:<\/strong>\n  <\/td><td>\n  <strong>So., 24.03.<\/strong>\n  <\/td><td>\n  <strong>11.00<\/strong>\n  <\/td><td>\n  <strong>JSG\n  U15 \u2013 SVA Salzbergen (in Emsb\u00fcren)<\/strong>\n  <\/td><\/tr><\/tbody><\/table>\n\n\n\n<p><\/p>\n\n\n\n<p><\/p>\n\n\n\n<p>Unterst\u00fctzt unsere Teams mit einem Besuch der Spiele, wir freuen uns \u00fcber jeden Zuschauer!<\/p>\n\n\n\n<p>Text: Heiner\nFeldmann<\/p>\n","protected":false},"excerpt":{"rendered":"<p>Fast vollst\u00e4ndig ruhte an diesem Wochenende der Ball auch bei der JSG Emsb\u00fcren\/Leschede\/Listrup! Der ausgiebige t\u00e4gliche, horizontal fallende Regen sorgte bei der U17 und der U15 f\u00fcr Spielausf\u00e4lle, die U19 hatte eh spielfrei. Besserung verspricht die kommende Woche, wenn sich ein Hoch auch \u00fcber den Fu\u00dfballpl\u00e4tzen der Gemeinde Emsb\u00fcren breit machen soll! U19: Gute Trainingseinheiten auf dem Emsb\u00fcrener Kunstrasen konnte unsere U19 in dieser Woche absolvieren. Alle Spieler sind fit! &nbsp;Die Mannschaft der Trainer Uwe Lowak und Klaus Frecken bereitet sich nun auf das Ausw\u00e4rtsspiel beim VfL Herzlake am kommenden Samstag vor, wenn der tolle Trend der letzten Wochen fortgesetzt werden soll! U17: F\u00fcr das&nbsp; Ausw\u00e4rtsspiel beim JFV Hasel\u00fcnne h\u00e4tte es einen Sportartwechsel zum Wasserball geben m\u00fcssen, so dass dieses voraussichtlich am 26.03.2019 nachgeholt wird. Unsere U17-Jungs vom Trainerteam um&nbsp; Bobby Sch\u00fcring sind bereits beim Dienstag beim Tabellenf\u00fchrer JLZ Emsland U16 zu Gast, bei denen wieder der Emsb\u00fcrener Jan-Hendrik L\u00fcken mitwirken d\u00fcrfte. Hier wird unsere B1 klarer Au\u00dfenseiter sein, hofft jedoch darauf eine \u00dcberraschung zu schaffen. Das Spiel wird auf einem Nebenplatz der H\u00e4nsch-Arena ausgetragen. U15: Auch das Kreispokal-Halbfinale bei [&hellip;]<\/p>\n","protected":false},"author":7,"featured_media":3509,"comment_status":"open","ping_status":"open","sticky":false,"template":"","format":"standard","meta":{"footnotes":""},"categories":[1],"tags":[],"class_list":["post-5014","post","type-post","status-publish","format-standard","has-post-thumbnail","hentry","category-allgemein"],"_links":{"self":[{"href":"https:\/\/www.sv-listrup.de\/index.php?rest_route=\/wp\/v2\/posts\/5014","targetHints":{"allow":["GET"]}}],"collection":[{"href":"https:\/\/www.sv-listrup.de\/index.php?rest_route=\/wp\/v2\/posts"}],"about":[{"href":"https:\/\/www.sv-listrup.de\/index.php?rest_route=\/wp\/v2\/types\/post"}],"author":[{"embeddable":true,"href":"https:\/\/www.sv-listrup.de\/index.php?rest_route=\/wp\/v2\/users\/7"}],"replies":[{"embeddable":true,"href":"https:\/\/www.sv-listrup.de\/index.php?rest_route=%2Fwp%2Fv2%2Fcomments&post=5014"}],"version-history":[{"count":2,"href":"https:\/\/www.sv-listrup.de\/index.php?rest_route=\/wp\/v2\/posts\/5014\/revisions"}],"predecessor-version":[{"id":5016,"href":"https:\/\/www.sv-listrup.de\/index.php?rest_route=\/wp\/v2\/posts\/5014\/revisions\/5016"}],"wp:featuredmedia":[{"embeddable":true,"href":"https:\/\/www.sv-listrup.de\/index.php?rest_route=\/wp\/v2\/media\/3509"}],"wp:attachment":[{"href":"https:\/\/www.sv-listrup.de\/index.php?rest_route=%2Fwp%2Fv2%2Fmedia&parent=5014"}],"wp:term":[{"taxonomy":"category","embeddable":true,"href":"https:\/\/www.sv-listrup.de\/index.php?rest_route=%2Fwp%2Fv2%2Fcategories&post=5014"},{"taxonomy":"post_tag","embeddable":true,"href":"https:\/\/www.sv-listrup.de\/index.php?rest_route=%2Fwp%2Fv2%2Ftags&post=5014"}],"curies":[{"name":"wp","href":"https:\/\/api.w.org\/{rel}","templated":true}]}}