{"id":5029,"date":"2019-03-25T10:39:47","date_gmt":"2019-03-25T09:39:47","guid":{"rendered":"http:\/\/sv-listrup.de\/?p=5029"},"modified":"2019-03-29T07:42:33","modified_gmt":"2019-03-29T06:42:33","slug":"hochspannend-aber-verdient-1-herren-siegt-mit-32-vor-180-zuschauern-gegen-lathen","status":"publish","type":"post","link":"https:\/\/www.sv-listrup.de\/?p=5029","title":{"rendered":"Hochspannend, aber verdient: 1. Herren siegt mit 3:2 vor 180 Zuschauern gegen Lathen!"},"content":{"rendered":"\n<p>  Alles war angerichtet f\u00fcr einen perfekten Fu\u00dfballnachmittag im sch\u00f6nen  Listruper Waldstadion. Fr\u00fchlingshafte Temperaturen und strahlender  Sonnenschein, dazu um die 180 Zuschauern (ca. 30 aus Lathen) und eine  hochmotivierte Listruper Mannschaft, die in nahezu Bestbesetzung  antreten konnte. Zudem konnte der 1. Vorsitzende Meyer erfolgreich die  neue Lautsprechanlage einweihen und pr\u00e4sentierte fehlerfrei die  Aufstellungen der beiden Teams und die neue Listruper Vereinshymne f\u00fcr  die zahlreich erschienenen Zuschauer!\ud83d\ude0e  Zum Spiel: Bei einem Ausw\u00e4rtssieg der Lathener w\u00fcrde man den SV Listrup  \u00fcberholen und mitten in den Abstiegskampf schicken, der ja eigentlich  sowieso schon die halbe Liga betrifft. (siehe Tabelle) Entsprechend war  auch der Gast aus Lathen motiviert und zeigte bereits fr\u00fch in der  Partie, dass mit ihnen nicht gut Kirschen essen sein wird. Nahezu jeder  Spieler der Gastmannschaft war auf lange B\u00e4lle und robuste Spielweise  aus, und brachte auch die daf\u00fcr n\u00f6tige K\u00f6rpergr\u00f6\u00dfe mit. Entsprechend war  auch die Anfangsphase schon hart umk\u00e4mpft, doch der SVL war fr\u00fch drin  im Spiel und nahm diesen Kampf gut an. <\/p>\n\n\n\n<p>Doch es war wie so oft in  letzter Zeit, eine Unachtsamkeit nach einem langen Ball und man bringt  sich in der Defensive selbst in Bredouille. Felix st\u00fcrmt aus seinem  Kasten, z\u00f6gert eine Sekunde zu lange und erwischt statt des Balls nur  den einlaufenden St\u00fcrmer \u2013 Elfmeter und ein fr\u00fcher R\u00fcckstand f\u00fcr das  Heimteam. \u26bd<br>  Mit Wut\/\u00c4rger im Bauch ging die Marschroute nach vorne, doch die gro\u00df  gewachsenen G\u00e4steverteidiger lie\u00dfen Mittelst\u00fcrmer Mitch keinen freien  Meter, beim Rest fehlte die Genauigkeit in den Offensivszenen. Chancen  gab es dennoch: Chrissis Schuss aus 11 Metern wurde in letzter Sekunde  geblockt, Mitch verzog nach flacher Hereingabe von au\u00dfen aus 7 Metern  v\u00f6llig freistehend. <\/p>\n\n\n\n<p> Der Halbzeitstand war mit 0:1 sicherlich \nnicht gerecht, doch in der Kabine war sich die Elf sicher, dass heute \nder Dreier in Listrup bleiben wird.<br> Lange blieb ein Treffer jedoch \naus und es wurde vermehrt mit den Entscheidungen des Schirigespanns oder\n den \u00fcberragenden Reflexen des G\u00e4stekeepers gehadert. Sei es ein \ndirekter Freisto\u00df von Jonas um die Mauer oder beste \nKopfballm\u00f6glichkeiten aus 3 Metern von Mitch, der Lathener Schlussmann \nwar irgendwie immer zur Stelle und brachte die 150 Listruper am Platz \nzur Verzweiflung! <\/p>\n\n\n\n<p> Es war wohl gef\u00fchlt der 20. Standard, der dann\n den Bann brach\u2026 Dazu z\u00e4hlen in Listrup bekannterma\u00dfen auch Einw\u00fcrfe, \ndenn neben den H\u00fclsing Br\u00fcdern ist mit Neuzugang Marcel Knopp nun ein \nweiter Akteur auf dem Listruper Rasen, der den Ball per Hand bis in den \n5er bef\u00f6rdert! Mittelst\u00fcrmer Mitch kam bei eben diesem Einwurf in der \n76. Minute per Kopf an den Ball und nach etwas Gewusel konnte Devon \npl\u00f6tzlich 1 Meter vor der Linie das Leder ins Netz bef\u00f6rdern \uf04a Gro\u00dfer \nJubel, doch kein langanhaltender, denn direkt schnappten sich die Jungs \nden Ball und legten ihn zur\u00fcck auf den Ansto\u00dfpunkt \u2013 \u201eein 1:1 war f\u00fcr \ndie erbrachte Leistung zu wenig, heute ist mehr drin\u201c! \u26bd<\/p>\n\n\n\n<p>\n Gejubelt wurde dann kurze Zeit sp\u00e4ter\u2026 Mitch war nach einem sch\u00f6nen \nBall des eingewechselten Timo Biermann im 1 gegen 1 gegen seinen \nstetigen Bewacher Kapit\u00e4n Gerdelmann und wurde abermals von ihm zu Fall \ngebracht: Ein riesen Aufschrei auf dem ganze Sportgel\u00e4nde, doch endlich \nPfiff der Unparteiische den Elfmeter f\u00fcr das Heimteam. Mitch selbst \nstellte sich dieser Verantwortung und brachte mit seinem 28. \nSaisontreffer den SVL in Front!\u26bd<\/p>\n\n\n\n<p>\n Lathen war bis hier hin g\u00e4nzlich ohne Chance geblieben, zu sicher stand\n der Defensivblock um den heute starken Bernd Senker. Davor gr\u00e4tschten \nund fighteten die beiden Sechser H\u00fcsing &amp; Evers alles weg, sodass es\n hier eigentlich keinen Gegentreffer mehr geben konnte\u2026 Doch ihr ahnt \nes: Langer Ball in den 16er, viel Gewusel direkt vorm Kasten von Felix \nund pl\u00f6tzlich ein Pfiff \u2013 Elfmeter f\u00fcr Lathen, Felix war im 1 gegen 1 \nden Schritt zu sp\u00e4t und brachte seinen Gegenspieler zu Fall, der jedoch \nnach Ansicht zahlreicher Listruper im Abseits stand\u2026 Als Elfmeterkiller \nbekannt, parierte Felix sogar den f\u00e4lligen Strafsto\u00df, doch beim \nAbpraller war der Gast schneller und netze zum erneuten Ausgleich ein \u2013 \n2:2!\u26bd<\/p>\n\n\n\n<p>\n Es war zum Verr\u00fccktwerden\u2026 Eine richtig starke zweite H\u00e4lfte unserer \nErsten, 8-9 glasklare Torchancen und eigentlich keine hinten zugelassen \u2013\n trotzdem steht es 2:2! Doch der Fu\u00dfballgott trug am Sonntag \nschwarz-wei\u00df: 92. Minute, langer Ball in die Spitze auf Jonas, der den \nBall per Kopf verl\u00e4ngern konnte. Zwei Lathener behinderten sich \ngegenseitig und pl\u00f6tzlich war Neuzugang Timo Biermann v\u00f6llig frei vor \ndem G\u00e4stekeeper. Nach gef\u00fchlten 20 Sekunden ausrangieren schloss der \nJoker ab und konnte das Leder unter dem herausspringenden Keeper hinweg \nins Netz schie\u00dfen! \u26bd\u201eSind\n die gerade aufgestiegen, Meister geworden oder was war hier los?\u201c \nRiesen Jubel, gef\u00fchlt die ganze Bank + Betreuer begrub Torsch\u00fctze Timo \nunter sich und kam aus dem Strahlen gar nicht mehr raus \u2013 Das ist \nAbstiegskampf, was eine Willensleistung und einfach auch unfassbar \nwichtig. \ud83d\udd25\ud83d\udcaa<\/p>\n\n\n\n<p>\n Drei Punkte die die Saison entscheiden k\u00f6nnen? Zum jetzigen Zeitpunkt \nschwer zu sagen, doch wenn die Elf n\u00e4chsten Sonntag (wieder zuhause!) \ngegen Esterwegen erneut drei Punkte holt, hat man bereits einiges an \nBoden gut gemacht in der so engen Kreisliga Emsland! <br> Wer Sonntag am\n Platz war hat aber auch eines \u00fcber diese Liga bzw. unser Team gelernt \u2013\n nur mit 120 % Leistung und Kampfbereitschaft holst du hier Punkte\u2026!<br> Und das funktioniert mit so zahlreichen Zuschauern im R\u00fccken weitaus besser als ohne \ud83d\ude09\ud83d\udc4f\ud83d\udc4f<\/p>\n\n\n\n<p> <a href=\"https:\/\/www.facebook.com\/hashtag\/kreisligafu\u00dfballvonseinerbestenseite?source=feed_text&amp;epa=HASHTAG&amp;__xts__%5B0%5D=68.ARBAfDNilzuKw-AXoHR8sTVC8FCZdQs-451c4GEO_plne1BaZAfFoPzaUbakiyR54GZAJt2XmeIPQr4K4xqTb_1ZKmxdRjuwbJsUCFSrVN6utw1epdZll7JK90HQyt_uL7lxfvgoNTCoZh7Qg31aizWa0Dg6FgFx0qj0rAK2b8RAFfH14e8NyUilNhhdaa6jxbh6jgvqrp6t_G9s3So-zSHWAkuyeeSUqQEXO883tnRbCfI2aKqcBW0u7TzIHvh-cogQFhw0-HFtR7h7DRERqVc23ENGenGmKXlltK9fbg5pe4x2X4YCad4OyRUHpP9I1hBkV48f3VcmsZ7vUhgnr107oQ&amp;__tn__=%2ANK-R\">#KreisligaFu\u00dfballvonseinerbestenSeite<\/a><br> <a href=\"https:\/\/www.facebook.com\/hashtag\/willensleistung?source=feed_text&amp;epa=HASHTAG&amp;__xts__%5B0%5D=68.ARBAfDNilzuKw-AXoHR8sTVC8FCZdQs-451c4GEO_plne1BaZAfFoPzaUbakiyR54GZAJt2XmeIPQr4K4xqTb_1ZKmxdRjuwbJsUCFSrVN6utw1epdZll7JK90HQyt_uL7lxfvgoNTCoZh7Qg31aizWa0Dg6FgFx0qj0rAK2b8RAFfH14e8NyUilNhhdaa6jxbh6jgvqrp6t_G9s3So-zSHWAkuyeeSUqQEXO883tnRbCfI2aKqcBW0u7TzIHvh-cogQFhw0-HFtR7h7DRERqVc23ENGenGmKXlltK9fbg5pe4x2X4YCad4OyRUHpP9I1hBkV48f3VcmsZ7vUhgnr107oQ&amp;__tn__=%2ANK-R\">#Willensleistung<\/a><br> <a href=\"https:\/\/www.facebook.com\/hashtag\/nurdersvl?source=feed_text&amp;epa=HASHTAG&amp;__xts__%5B0%5D=68.ARBAfDNilzuKw-AXoHR8sTVC8FCZdQs-451c4GEO_plne1BaZAfFoPzaUbakiyR54GZAJt2XmeIPQr4K4xqTb_1ZKmxdRjuwbJsUCFSrVN6utw1epdZll7JK90HQyt_uL7lxfvgoNTCoZh7Qg31aizWa0Dg6FgFx0qj0rAK2b8RAFfH14e8NyUilNhhdaa6jxbh6jgvqrp6t_G9s3So-zSHWAkuyeeSUqQEXO883tnRbCfI2aKqcBW0u7TzIHvh-cogQFhw0-HFtR7h7DRERqVc23ENGenGmKXlltK9fbg5pe4x2X4YCad4OyRUHpP9I1hBkV48f3VcmsZ7vUhgnr107oQ&amp;__tn__=%2ANK-R\">#NurderSVL<\/a>!<\/p>\n\n\n\n<p> <\/p>\n\n\n\n<p> <a href=\"https:\/\/de-de.facebook.com\/hashtag\/heimsieg?source=feed_text&amp;epa=HASHTAG&amp;__xts__%5B0%5D=68.ARDc_RgOW_KQoA2dRhT5cEtPEp6hTk_lPuTN3bDXFjqfBDZdH1AQOlIcYXUFf9HKZEpW2Mi1F7FnIKjYlXCJIHel3tyIgd0vXmCCetAjb8tYaxJv_SgrygMSKLr-kdhAQZu1T4QudtLhVSBNRMVvHzJd2R_i4HJ82Rhti7AbwCm8N6WAZBhNTKKRsb32A3j5fAM5BSgILfeHdxi0FTm2IxPf3gIuC2wQpsoCp5YdIjO_0YZjSvVMCejTUWf08-FlABXPoUq_i1p93Mb_yveS4gzFCllWgeXbQWZPCS3oZeB_u1ZzfhFsm8OKtoi1gu9e84wo0ka2Tn_dBXjaSIEsNhc7yA&amp;__tn__=%2ANK-R\">#Heimsieg<\/a>!<br> <a href=\"https:\/\/de-de.facebook.com\/hashtag\/ganzwichtigesding?source=feed_text&amp;epa=HASHTAG&amp;__xts__%5B0%5D=68.ARDc_RgOW_KQoA2dRhT5cEtPEp6hTk_lPuTN3bDXFjqfBDZdH1AQOlIcYXUFf9HKZEpW2Mi1F7FnIKjYlXCJIHel3tyIgd0vXmCCetAjb8tYaxJv_SgrygMSKLr-kdhAQZu1T4QudtLhVSBNRMVvHzJd2R_i4HJ82Rhti7AbwCm8N6WAZBhNTKKRsb32A3j5fAM5BSgILfeHdxi0FTm2IxPf3gIuC2wQpsoCp5YdIjO_0YZjSvVMCejTUWf08-FlABXPoUq_i1p93Mb_yveS4gzFCllWgeXbQWZPCS3oZeB_u1ZzfhFsm8OKtoi1gu9e84wo0ka2Tn_dBXjaSIEsNhc7yA&amp;__tn__=%2ANK-R\">#ganzwichtigesDing<\/a>\ud83d\udc4c\ud83c\udffb<br> <a href=\"https:\/\/de-de.facebook.com\/hashtag\/abstiegskampfkreisligaemsland?source=feed_text&amp;epa=HASHTAG&amp;__xts__%5B0%5D=68.ARDc_RgOW_KQoA2dRhT5cEtPEp6hTk_lPuTN3bDXFjqfBDZdH1AQOlIcYXUFf9HKZEpW2Mi1F7FnIKjYlXCJIHel3tyIgd0vXmCCetAjb8tYaxJv_SgrygMSKLr-kdhAQZu1T4QudtLhVSBNRMVvHzJd2R_i4HJ82Rhti7AbwCm8N6WAZBhNTKKRsb32A3j5fAM5BSgILfeHdxi0FTm2IxPf3gIuC2wQpsoCp5YdIjO_0YZjSvVMCejTUWf08-FlABXPoUq_i1p93Mb_yveS4gzFCllWgeXbQWZPCS3oZeB_u1ZzfhFsm8OKtoi1gu9e84wo0ka2Tn_dBXjaSIEsNhc7yA&amp;__tn__=%2ANK-R\">#AbstiegskampfKreisligaEmsland<\/a><br> <a href=\"https:\/\/de-de.facebook.com\/hashtag\/waseinestimmungamplatz?source=feed_text&amp;epa=HASHTAG&amp;__xts__%5B0%5D=68.ARDc_RgOW_KQoA2dRhT5cEtPEp6hTk_lPuTN3bDXFjqfBDZdH1AQOlIcYXUFf9HKZEpW2Mi1F7FnIKjYlXCJIHel3tyIgd0vXmCCetAjb8tYaxJv_SgrygMSKLr-kdhAQZu1T4QudtLhVSBNRMVvHzJd2R_i4HJ82Rhti7AbwCm8N6WAZBhNTKKRsb32A3j5fAM5BSgILfeHdxi0FTm2IxPf3gIuC2wQpsoCp5YdIjO_0YZjSvVMCejTUWf08-FlABXPoUq_i1p93Mb_yveS4gzFCllWgeXbQWZPCS3oZeB_u1ZzfhFsm8OKtoi1gu9e84wo0ka2Tn_dBXjaSIEsNhc7yA&amp;__tn__=%2ANK-R\">#WaseineStimmungamPlatz<\/a><br> <a href=\"https:\/\/de-de.facebook.com\/hashtag\/bestenzuschauerderliga?source=feed_text&amp;epa=HASHTAG&amp;__xts__%5B0%5D=68.ARDc_RgOW_KQoA2dRhT5cEtPEp6hTk_lPuTN3bDXFjqfBDZdH1AQOlIcYXUFf9HKZEpW2Mi1F7FnIKjYlXCJIHel3tyIgd0vXmCCetAjb8tYaxJv_SgrygMSKLr-kdhAQZu1T4QudtLhVSBNRMVvHzJd2R_i4HJ82Rhti7AbwCm8N6WAZBhNTKKRsb32A3j5fAM5BSgILfeHdxi0FTm2IxPf3gIuC2wQpsoCp5YdIjO_0YZjSvVMCejTUWf08-FlABXPoUq_i1p93Mb_yveS4gzFCllWgeXbQWZPCS3oZeB_u1ZzfhFsm8OKtoi1gu9e84wo0ka2Tn_dBXjaSIEsNhc7yA&amp;__tn__=%2ANK-R\">#BestenZuschauerderLiga<\/a>\ud83d\udcaa\ud83c\udffc<\/p>\n\n\n\n<figure class=\"wp-block-image\"><img loading=\"lazy\" decoding=\"async\" width=\"1024\" height=\"811\" src=\"https:\/\/www.sv-listrup.de\/wp-content\/uploads\/2019\/03\/Sieg-Lathen-2019-1024x811.png\" alt=\"\" class=\"wp-image-5032\" srcset=\"https:\/\/www.sv-listrup.de\/wp-content\/uploads\/2019\/03\/Sieg-Lathen-2019-1024x811.png 1024w, https:\/\/www.sv-listrup.de\/wp-content\/uploads\/2019\/03\/Sieg-Lathen-2019-300x237.png 300w, https:\/\/www.sv-listrup.de\/wp-content\/uploads\/2019\/03\/Sieg-Lathen-2019-768x608.png 768w, https:\/\/www.sv-listrup.de\/wp-content\/uploads\/2019\/03\/Sieg-Lathen-2019.png 1382w\" sizes=\"auto, (max-width: 1024px) 100vw, 1024px\" \/><\/figure>\n","protected":false},"excerpt":{"rendered":"<p>Alles war angerichtet f\u00fcr einen perfekten Fu\u00dfballnachmittag im sch\u00f6nen Listruper Waldstadion. Fr\u00fchlingshafte Temperaturen und strahlender Sonnenschein, dazu um die 180 Zuschauern (ca. 30 aus Lathen) und eine hochmotivierte Listruper Mannschaft, die in nahezu Bestbesetzung antreten konnte. Zudem konnte der 1. Vorsitzende Meyer erfolgreich die neue Lautsprechanlage einweihen und pr\u00e4sentierte fehlerfrei die Aufstellungen der beiden Teams und die neue Listruper Vereinshymne f\u00fcr die zahlreich erschienenen Zuschauer!\ud83d\ude0e Zum Spiel: Bei einem Ausw\u00e4rtssieg der Lathener w\u00fcrde man den SV Listrup \u00fcberholen und mitten in den Abstiegskampf schicken, der ja eigentlich sowieso schon die halbe Liga betrifft. (siehe Tabelle) Entsprechend war auch der Gast aus Lathen motiviert und zeigte bereits fr\u00fch in der Partie, dass mit ihnen nicht gut Kirschen essen sein wird. Nahezu jeder Spieler der Gastmannschaft war auf lange B\u00e4lle und robuste Spielweise aus, und brachte auch die daf\u00fcr n\u00f6tige K\u00f6rpergr\u00f6\u00dfe mit. Entsprechend war auch die Anfangsphase schon hart umk\u00e4mpft, doch der SVL war fr\u00fch drin im Spiel und nahm diesen Kampf gut an. Doch es war wie so oft in letzter Zeit, eine Unachtsamkeit nach einem langen Ball und man bringt [&hellip;]<\/p>\n","protected":false},"author":7,"featured_media":5030,"comment_status":"open","ping_status":"open","sticky":false,"template":"","format":"standard","meta":{"footnotes":""},"categories":[1],"tags":[],"class_list":["post-5029","post","type-post","status-publish","format-standard","has-post-thumbnail","hentry","category-allgemein"],"_links":{"self":[{"href":"https:\/\/www.sv-listrup.de\/index.php?rest_route=\/wp\/v2\/posts\/5029","targetHints":{"allow":["GET"]}}],"collection":[{"href":"https:\/\/www.sv-listrup.de\/index.php?rest_route=\/wp\/v2\/posts"}],"about":[{"href":"https:\/\/www.sv-listrup.de\/index.php?rest_route=\/wp\/v2\/types\/post"}],"author":[{"embeddable":true,"href":"https:\/\/www.sv-listrup.de\/index.php?rest_route=\/wp\/v2\/users\/7"}],"replies":[{"embeddable":true,"href":"https:\/\/www.sv-listrup.de\/index.php?rest_route=%2Fwp%2Fv2%2Fcomments&post=5029"}],"version-history":[{"count":2,"href":"https:\/\/www.sv-listrup.de\/index.php?rest_route=\/wp\/v2\/posts\/5029\/revisions"}],"predecessor-version":[{"id":5033,"href":"https:\/\/www.sv-listrup.de\/index.php?rest_route=\/wp\/v2\/posts\/5029\/revisions\/5033"}],"wp:featuredmedia":[{"embeddable":true,"href":"https:\/\/www.sv-listrup.de\/index.php?rest_route=\/wp\/v2\/media\/5030"}],"wp:attachment":[{"href":"https:\/\/www.sv-listrup.de\/index.php?rest_route=%2Fwp%2Fv2%2Fmedia&parent=5029"}],"wp:term":[{"taxonomy":"category","embeddable":true,"href":"https:\/\/www.sv-listrup.de\/index.php?rest_route=%2Fwp%2Fv2%2Fcategories&post=5029"},{"taxonomy":"post_tag","embeddable":true,"href":"https:\/\/www.sv-listrup.de\/index.php?rest_route=%2Fwp%2Fv2%2Ftags&post=5029"}],"curies":[{"name":"wp","href":"https:\/\/api.w.org\/{rel}","templated":true}]}}