{"id":5151,"date":"2019-05-03T08:28:26","date_gmt":"2019-05-03T06:28:26","guid":{"rendered":"http:\/\/sv-listrup.de\/?p=5151"},"modified":"2019-05-03T08:29:22","modified_gmt":"2019-05-03T06:29:22","slug":"neuzugang-fuer-die-1-herren-malte-fischer-kommt-aus-twist","status":"publish","type":"post","link":"https:\/\/www.sv-listrup.de\/?p=5151","title":{"rendered":"Neuzugang f\u00fcr die 1. Herren &#8211; Malte Fischer kommt aus Twist! Biermann&#038;Knopp bleiben &#8211; Yannek Midden kommt aus der A-Jugend!"},"content":{"rendered":"\n<p class=\"has-medium-font-size\">Unser Gesch\u00e4ftsf\u00fchrer Fu\u00dfball &#8222;BB&#8220; B\u00fcnker verst\u00e4rkt die Defensive unserer 1. Herren mit einem Neuzugang: Vom SV Grenzland Twist kommt Malte Fischer zum SV Listrup. <br>Der gro\u00dfgewachsende Innenverteidiger vom Ligakonkurrenten hat diese Saison 17 Spiele in der Defensive der Twister absolviert und dabei sogar 3 Tore geschossen! <br>Was treibt ihn zu unserem sch\u00f6nem SVL? Malte wohnt seit kurzem mit seinem Frau &amp; Kind in Bexten und ist somit perfekt f\u00fcr unseren Verein. Bereits im Winter wurden Gespr\u00e4che gef\u00fchrt, doch der 28-Jahre junge Familienvater wollte zun\u00e4chst die Saison beim Kreisliga-Aufsteiger beenden und gemeinsam mit seinem Team den Klassenerhalt schaffen. Noch fehlen dem Tabellenelften ein paar Z\u00e4hler, am Sonntag kommt unser SVL zu Gast!<\/p>\n\n\n\n<p class=\"has-medium-font-size\">In diesem Zuge gibt\u00b4s noch weitere gute Neuigkeiten f\u00fcr die Saison zu vermelden: Nachdem vor einigen Wochen bereits ein Gro\u00dfteil der 1. Herren (u.a. der umworbende Torj\u00e4ger Mitch B\u00fcnker) die Zusage zur neuen Saison gegeben hat, konnte BB auch das feste JA von den beiden Winterneuzug\u00e4ngen Timo Biermann und Marcel Knoop einholen! Beide sind bereits feste Bestandteile der Truppe und verst\u00e4rken die Elf von Sascha Gerritzen in nahezu allen Spielen der R\u00fcckrunde. Einzig Hendrik H\u00fclsing wird aus Altersgr\u00fcnden in der neuen Saison etwas k\u00fcrzer treten, wird bei Bedarf aber weiterhin den Kader erg\u00e4nzen! <br>Aus der A-Jugend r\u00fcckt zudem ein Eigengew\u00e4chs in den Kader: Yannek Midden kommt als Stammspieler der A-Junioren-Bezirksliga endlich als fester Teambestandteil in unsere Erste &#8211; Yannek absolvierte diese Saison bereits 12 Partien in der Kreisliga und wird die Gerritzen-Elf sofort verst\u00e4rken k\u00f6nnen!<\/p>\n\n\n\n<p class=\"has-medium-font-size\">Gute Aussichten f\u00fcr den Verein, oder ? \ud83d\ude42 Fehlen eigentlich nur noch die letzten 3 Z\u00e4hler zum sicheren Verbleib in der #KreisligaEmsland!<\/p>\n\n\n\n<figure class=\"wp-block-image\"><img loading=\"lazy\" decoding=\"async\" width=\"768\" height=\"1024\" src=\"https:\/\/www.sv-listrup.de\/wp-content\/uploads\/2019\/05\/photo-2019-05-02-18-43-50-768x1024.jpg\" alt=\"\" class=\"wp-image-5152\" srcset=\"https:\/\/www.sv-listrup.de\/wp-content\/uploads\/2019\/05\/photo-2019-05-02-18-43-50-768x1024.jpg 768w, https:\/\/www.sv-listrup.de\/wp-content\/uploads\/2019\/05\/photo-2019-05-02-18-43-50-225x300.jpg 225w, https:\/\/www.sv-listrup.de\/wp-content\/uploads\/2019\/05\/photo-2019-05-02-18-43-50.jpg 1200w\" sizes=\"auto, (max-width: 768px) 100vw, 768px\" \/><\/figure>\n\n\n\n<p><br><\/p>\n","protected":false},"excerpt":{"rendered":"<p>Unser Gesch\u00e4ftsf\u00fchrer Fu\u00dfball &#8222;BB&#8220; B\u00fcnker verst\u00e4rkt die Defensive unserer 1. Herren mit einem Neuzugang: Vom SV Grenzland Twist kommt Malte Fischer zum SV Listrup. Der gro\u00dfgewachsende Innenverteidiger vom Ligakonkurrenten hat diese Saison 17 Spiele in der Defensive der Twister absolviert und dabei sogar 3 Tore geschossen! Was treibt ihn zu unserem sch\u00f6nem SVL? Malte wohnt seit kurzem mit seinem Frau &amp; Kind in Bexten und ist somit perfekt f\u00fcr unseren Verein. Bereits im Winter wurden Gespr\u00e4che gef\u00fchrt, doch der 28-Jahre junge Familienvater wollte zun\u00e4chst die Saison beim Kreisliga-Aufsteiger beenden und gemeinsam mit seinem Team den Klassenerhalt schaffen. Noch fehlen dem Tabellenelften ein paar Z\u00e4hler, am Sonntag kommt unser SVL zu Gast! In diesem Zuge gibt\u00b4s noch weitere gute Neuigkeiten f\u00fcr die Saison zu vermelden: Nachdem vor einigen Wochen bereits ein Gro\u00dfteil der 1. Herren (u.a. der umworbende Torj\u00e4ger Mitch B\u00fcnker) die Zusage zur neuen Saison gegeben hat, konnte BB auch das feste JA von den beiden Winterneuzug\u00e4ngen Timo Biermann und Marcel Knoop einholen! Beide sind bereits feste Bestandteile der Truppe und verst\u00e4rken die Elf von Sascha Gerritzen in nahezu allen [&hellip;]<\/p>\n","protected":false},"author":7,"featured_media":5152,"comment_status":"open","ping_status":"open","sticky":false,"template":"","format":"standard","meta":{"footnotes":""},"categories":[1],"tags":[],"class_list":["post-5151","post","type-post","status-publish","format-standard","has-post-thumbnail","hentry","category-allgemein"],"_links":{"self":[{"href":"https:\/\/www.sv-listrup.de\/index.php?rest_route=\/wp\/v2\/posts\/5151","targetHints":{"allow":["GET"]}}],"collection":[{"href":"https:\/\/www.sv-listrup.de\/index.php?rest_route=\/wp\/v2\/posts"}],"about":[{"href":"https:\/\/www.sv-listrup.de\/index.php?rest_route=\/wp\/v2\/types\/post"}],"author":[{"embeddable":true,"href":"https:\/\/www.sv-listrup.de\/index.php?rest_route=\/wp\/v2\/users\/7"}],"replies":[{"embeddable":true,"href":"https:\/\/www.sv-listrup.de\/index.php?rest_route=%2Fwp%2Fv2%2Fcomments&post=5151"}],"version-history":[{"count":5,"href":"https:\/\/www.sv-listrup.de\/index.php?rest_route=\/wp\/v2\/posts\/5151\/revisions"}],"predecessor-version":[{"id":5159,"href":"https:\/\/www.sv-listrup.de\/index.php?rest_route=\/wp\/v2\/posts\/5151\/revisions\/5159"}],"wp:featuredmedia":[{"embeddable":true,"href":"https:\/\/www.sv-listrup.de\/index.php?rest_route=\/wp\/v2\/media\/5152"}],"wp:attachment":[{"href":"https:\/\/www.sv-listrup.de\/index.php?rest_route=%2Fwp%2Fv2%2Fmedia&parent=5151"}],"wp:term":[{"taxonomy":"category","embeddable":true,"href":"https:\/\/www.sv-listrup.de\/index.php?rest_route=%2Fwp%2Fv2%2Fcategories&post=5151"},{"taxonomy":"post_tag","embeddable":true,"href":"https:\/\/www.sv-listrup.de\/index.php?rest_route=%2Fwp%2Fv2%2Ftags&post=5151"}],"curies":[{"name":"wp","href":"https:\/\/api.w.org\/{rel}","templated":true}]}}