{"id":5264,"date":"2019-06-05T16:40:26","date_gmt":"2019-06-05T14:40:26","guid":{"rendered":"http:\/\/sv-listrup.de\/?p=5264"},"modified":"2019-06-12T07:49:52","modified_gmt":"2019-06-12T05:49:52","slug":"laenderspiel-der-region-mit-listruper-spieler","status":"publish","type":"post","link":"https:\/\/www.sv-listrup.de\/?p=5264","title":{"rendered":"L\u00e4nderspiel der Region mit Listruper Spieler! (mit Pressebericht)"},"content":{"rendered":"\n<p>Nachfolgend die offizielle Pressemitteilung zum L\u00e4nderspiel der Regionen:<\/p>\n\n\n\n<p><br> Grenz\u00fcbergreifendes Fu\u00dfballfest am 15. Juni<br> \u201eL\u00e4nderspiel der Regionen\u201c: Kostenloser Eintritt zum Duell Nord-Niederlande gegen Nord-Deutschland im Stadion \u201eDe Oude Meerdijk\u201c in Emmen<br> EMMEN &#8211; Am 15. Juni wird um 15 Uhr im Stadion \u201eDe Oude Meerdijk\u201c in Emmen das so genannte \u201eL\u00e4nderspiel der Regionen\u201c Nord-Niederlande gegen Nord-Deutschland ausgetragen. Zwischen 1913 und 1960 fand diese Partie bereits 28 Mal statt. Auf Initiative mehrere niederl\u00e4ndischer und deutscher \u201eFu\u00dfballverr\u00fcckter\u201c wird das Spiel in diesem Jahr erstmals wieder organisiert. K\u00fcnftig soll es wieder j\u00e4hrlich ausgetragen werden. Die besten Amateurspieler aus dem Norden der Niederlande und Nord-Deutschland werden gegeneinander antreten. Die niederl\u00e4ndische Auswahl wird von einem prominenten Bondscoach trainiert: Ron Jans, ehemals Trainer in Groningen, Heerenveen und L\u00fcttich, hat das Amt \u00fcbernommen. Das norddeutsche Team wird von Uwe Welzel und Alfons \u201eAlo\u201c Weusthof trainiert. Welzel feierte am Wochenende als Trainer mit dem BSV Kickers Emden die R\u00fcckkehr in die Oberliga. \u201eAlo\u201c Weusthof ist einer der bekanntesten Trainer im norddeutschen Raum. Der 61-J\u00e4hrige trainierte u.a. schon den SV Meppen, den VfB Oldenburg, Preu\u00dfen M\u00fcnster und zuletzt den Regionalligisten SSV Jeddeloh. In der Vergangenheit war das \u201eL\u00e4nderspiel der Regionen\u201c ein Garant f\u00fcr viele Tore. Zudem besuchten zahlreiche Zuschauer die Spiele. Auf viele Besucher hoffen die Organisatoren auch dieses Mal. Der Eintritt ist kostenlos.<br> Historisches:<br> Das erste L\u00e4nderspiel zwischen der nord-niederl\u00e4ndischen Fu\u00dfballmannschaft, zusammengestellt aus den Provinzen Frysl\u00e2n, Groningen und Drenthe gegen eine norddeutsche Auswahl wurde am 4. Mai 1913 ausgetragen. Nord-Niederlande unterlag mit 2:7. Am 24. Mai 1936 waren in Bremen 20.000 Zuschauer Zeugen beim 10:1-Heimsieg der Norddeutschen. Zwei Jahre sp\u00e4ter siegte das Team Nord-Niederlande durch vier Treffer des St\u00fcrmers Abe Lenstra im ausverkauften Stadion \u201eDe Esserberg\u201c im niederl\u00e4ndischen Haren mit 4:2 Toren. Am 22. April 1960 endete das bisher letzte \u201eL\u00e4nderspiel der Regionen\u201c vor rund 11.000 Zuschauer 3:3. Dabei erzielte Uwe Seeler im Groninger \u201eStadion Oosterpark\u201c den letzten Treffer.<br> Grenz\u00fcbergreifende Begegnungen<br> Der 15. Juni 2019 ist viel mehr als das \u201eL\u00e4nderspiel der Regionen\u201c. Der ganze Tag steht unter dem Motto \u201eGemeinsam\u201c (niederl\u00e4ndisch: samen). An diesem Tag wird f\u00fcr niederl\u00e4ndische und deutsche Kinder und Jugendliche ab 9 Uhr ein Olympischer Sporttag rund um das Stadion \u201eDe Oude Meerdijk\u201c in Emmen organisiert. Die \u201eVereniging Parkmanagement Bargermeer\u201c (VPB Emmen) veranstaltet zudem im Rahmen des Spiels ein Treffen niederl\u00e4ndischer und deutscher Unternehmer. Ein unterhaltsames Programm wird bereits vor dem L\u00e4nderspiel im Stadion geboten: Ab 13 Uhr findet ein \u201eWalking Football\u201c-Spiel zwischen den Nord-Niederlanden und Nord-Deutschland statt.<br> Erm\u00f6glicht wird der niederl\u00e4ndisch-deutsche Begegnungstag sowie das \u201eL\u00e4nderspiel der Regionen\u201c durch die Unterst\u00fctzung aus dem INTERREG-Projekt \u201eNet(z)werk+\u201c der Ems Dollart Region (EDR). Das Projekt wird im Rahmen des INTERREG V A-Programms Deutschland-Nederland mit Mitteln aus dem Europ\u00e4ischen Fonds f\u00fcr Regionale Entwicklung (EFRE) und von den Provinzen Drenthe, Frysl\u00e2n und Groningen sowie vom Land Niedersachsen kofinanziert.<\/p>\n\n\n\n<p><\/p>\n\n\n\n<p class=\"has-medium-font-size\">SVL-Vorabinfo:<\/p>\n\n\n\n<p>L\u00e4nderspiel der Region &#8211; Schon mal von geh\u00f6rt? &#8211; NEIN?!<\/p>\n\n\n\n<p><br>Dann wirds aber Zeit&#8230; denn der SV Listrup 1949 e.V. ist mit einem Spieler dabei\ud83d\udcaa\ud83d\ude0e\u26bd\ufe0f!<\/p>\n\n\n\n<p><br>Unsere Tormaschine Mitch B\u00fcnker darf sich in bald als &#8222;Nationalspieler der Region Nordwestdeutschland&#8220; bezeichnen\ud83d\udc4f. Die Nummer 10 des SVL wurde als einziger Kreisligaspieler in die Auswahl berufen, die alle &#8222;Nicht-Profis&#8220; unserer Region (von der Oberliga abw\u00e4rts) ber\u00fccksichtigt hat. 42 Saisontore blieben dann wohl au\u00dferhalb Listrups doch nicht unbemerkt\ud83d\ude01<\/p>\n\n\n\n<p><br>Mehr Infos dazu gibts hier die Tage noch, ihr k\u00f6nnt euch aber auch die ausf\u00fchrliche Beschreibung von <a href=\"https:\/\/www.facebook.com\/Semi-interland-L%C3%A4nderspiel-der-Regionen-228167888004476\/?__tn__=%2Cd%2CP-R&amp;eid=ARBwTqLTC9DsWUo2qSwhoh8ZJgisRZws1QbiXHtSlzX4zPhJcVdGhvn6H3l5jsv1npZAcSpr4hyt-qJ4\">Semi-interland \/ L\u00e4nderspiel der Regionen (f\u00fcr Link hier klicken)<\/a>lesen, da steht alles was ihr wissen m\u00fcsst!<\/p>\n\n\n\n<p><br>Das Wichtigste: Das Spiel gegen die Region Nord-Niederlande findet am 15. Juni im Rahmen einer Jugendolympia im Erstligastadion in Emmen (Holland) statt und wird um 15:00 Uhr angepfiffen. Vormittags gehts bereits mit einer &#8222;Spiel\u2013 und Spa\u00dfolympiade f\u00fcr Schulklassen und Sportgruppen der Region&#8220; los, ehe mit dem L\u00e4nderspiel das Highlight des Tages kommt!\ud83d\ude0e<\/p>\n\n\n\n<p>Wer also am Samstag, den 15 Juni noch nichts vor hat &#8211; hinfahren! <br>So oder so: Hammer Sache f\u00fcr Mitch und damit auch f\u00fcr unseren kleinen Verein\ud83d\ude0a <\/p>\n\n\n\n<p><br>#ForzaSVL#BaldmitNationalspieler#zweiundvierzigTore <\/p>\n","protected":false},"excerpt":{"rendered":"<p>Nachfolgend die offizielle Pressemitteilung zum L\u00e4nderspiel der Regionen: Grenz\u00fcbergreifendes Fu\u00dfballfest am 15. Juni \u201eL\u00e4nderspiel der Regionen\u201c: Kostenloser Eintritt zum Duell Nord-Niederlande gegen Nord-Deutschland im Stadion \u201eDe Oude Meerdijk\u201c in Emmen EMMEN &#8211; Am 15. Juni wird um 15 Uhr im Stadion \u201eDe Oude Meerdijk\u201c in Emmen das so genannte \u201eL\u00e4nderspiel der Regionen\u201c Nord-Niederlande gegen Nord-Deutschland ausgetragen. Zwischen 1913 und 1960 fand diese Partie bereits 28 Mal statt. Auf Initiative mehrere niederl\u00e4ndischer und deutscher \u201eFu\u00dfballverr\u00fcckter\u201c wird das Spiel in diesem Jahr erstmals wieder organisiert. K\u00fcnftig soll es wieder j\u00e4hrlich ausgetragen werden. Die besten Amateurspieler aus dem Norden der Niederlande und Nord-Deutschland werden gegeneinander antreten. Die niederl\u00e4ndische Auswahl wird von einem prominenten Bondscoach trainiert: Ron Jans, ehemals Trainer in Groningen, Heerenveen und L\u00fcttich, hat das Amt \u00fcbernommen. Das norddeutsche Team wird von Uwe Welzel und Alfons \u201eAlo\u201c Weusthof trainiert. Welzel feierte am Wochenende als Trainer mit dem BSV Kickers Emden die R\u00fcckkehr in die Oberliga. \u201eAlo\u201c Weusthof ist einer der bekanntesten Trainer im norddeutschen Raum. Der 61-J\u00e4hrige trainierte u.a. schon den SV Meppen, den VfB Oldenburg, Preu\u00dfen M\u00fcnster und zuletzt den Regionalligisten [&hellip;]<\/p>\n","protected":false},"author":7,"featured_media":3865,"comment_status":"open","ping_status":"open","sticky":false,"template":"","format":"standard","meta":{"footnotes":""},"categories":[1],"tags":[],"class_list":["post-5264","post","type-post","status-publish","format-standard","has-post-thumbnail","hentry","category-allgemein"],"_links":{"self":[{"href":"https:\/\/www.sv-listrup.de\/index.php?rest_route=\/wp\/v2\/posts\/5264","targetHints":{"allow":["GET"]}}],"collection":[{"href":"https:\/\/www.sv-listrup.de\/index.php?rest_route=\/wp\/v2\/posts"}],"about":[{"href":"https:\/\/www.sv-listrup.de\/index.php?rest_route=\/wp\/v2\/types\/post"}],"author":[{"embeddable":true,"href":"https:\/\/www.sv-listrup.de\/index.php?rest_route=\/wp\/v2\/users\/7"}],"replies":[{"embeddable":true,"href":"https:\/\/www.sv-listrup.de\/index.php?rest_route=%2Fwp%2Fv2%2Fcomments&post=5264"}],"version-history":[{"count":3,"href":"https:\/\/www.sv-listrup.de\/index.php?rest_route=\/wp\/v2\/posts\/5264\/revisions"}],"predecessor-version":[{"id":5267,"href":"https:\/\/www.sv-listrup.de\/index.php?rest_route=\/wp\/v2\/posts\/5264\/revisions\/5267"}],"wp:featuredmedia":[{"embeddable":true,"href":"https:\/\/www.sv-listrup.de\/index.php?rest_route=\/wp\/v2\/media\/3865"}],"wp:attachment":[{"href":"https:\/\/www.sv-listrup.de\/index.php?rest_route=%2Fwp%2Fv2%2Fmedia&parent=5264"}],"wp:term":[{"taxonomy":"category","embeddable":true,"href":"https:\/\/www.sv-listrup.de\/index.php?rest_route=%2Fwp%2Fv2%2Fcategories&post=5264"},{"taxonomy":"post_tag","embeddable":true,"href":"https:\/\/www.sv-listrup.de\/index.php?rest_route=%2Fwp%2Fv2%2Ftags&post=5264"}],"curies":[{"name":"wp","href":"https:\/\/api.w.org\/{rel}","templated":true}]}}