{"id":5292,"date":"2019-06-20T20:38:09","date_gmt":"2019-06-20T18:38:09","guid":{"rendered":"http:\/\/sv-listrup.de\/?p=5292"},"modified":"2019-06-20T20:39:20","modified_gmt":"2019-06-20T18:39:20","slug":"thomas-welling-dritter-neuzugang-fuer-die-erste","status":"publish","type":"post","link":"https:\/\/www.sv-listrup.de\/?p=5292","title":{"rendered":"Thomas Welling dritter Neuzugang f\u00fcr die Erste!"},"content":{"rendered":"\n<p>Nach 2 bis 3 Jahren Anlaufzeit hat Gesch\u00e4ftsf\u00fchrer-Fu\u00dfball &#8222;BB&#8220; B\u00fcnker es endlich geschafft: Thomas Welling wechselt vom Nachbarn SV Alemannia Salzbergen zur\u00fcck zum SVL!<\/p>\n\n\n\n<p>Thomas ist 26 Jahre alt und kommt aus Holsten. Bis zur D-Jugend hatte Thomas bereits einen Listruper Pass, zur C-Jugend wechselte er dann nach Salzbergen. Dort wurde der Defensivspieler in seiner Seniorenzeit haupts\u00e4chlich in der Zweiten eingesetzt. <\/p>\n\n\n\n<p>Nach dem Eigengew\u00e4chs Yannek Midden (A-Jugend) und Malte Fischer (Grenzland Twist) ist Thomas damit der dritte Neuzugang unserer Ersten! Wir hei\u00dfen ihn herzlich willkommen und w\u00fcnschen ihm eine erfolgreiche und tolle Zeit beim SVL!<\/p>\n\n\n\n<figure class=\"wp-block-image\"><img loading=\"lazy\" decoding=\"async\" width=\"728\" height=\"1024\" src=\"https:\/\/www.sv-listrup.de\/wp-content\/uploads\/2019\/06\/DSCI3823a-728x1024.jpg\" alt=\"\" class=\"wp-image-5294\" srcset=\"https:\/\/www.sv-listrup.de\/wp-content\/uploads\/2019\/06\/DSCI3823a-728x1024.jpg 728w, https:\/\/www.sv-listrup.de\/wp-content\/uploads\/2019\/06\/DSCI3823a-213x300.jpg 213w, https:\/\/www.sv-listrup.de\/wp-content\/uploads\/2019\/06\/DSCI3823a-768x1080.jpg 768w, https:\/\/www.sv-listrup.de\/wp-content\/uploads\/2019\/06\/DSCI3823a.jpg 1354w\" sizes=\"auto, (max-width: 728px) 100vw, 728px\" \/><\/figure>\n","protected":false},"excerpt":{"rendered":"<p>Nach 2 bis 3 Jahren Anlaufzeit hat Gesch\u00e4ftsf\u00fchrer-Fu\u00dfball &#8222;BB&#8220; B\u00fcnker es endlich geschafft: Thomas Welling wechselt vom Nachbarn SV Alemannia Salzbergen zur\u00fcck zum SVL! Thomas ist 26 Jahre alt und kommt aus Holsten. Bis zur D-Jugend hatte Thomas bereits einen Listruper Pass, zur C-Jugend wechselte er dann nach Salzbergen. Dort wurde der Defensivspieler in seiner Seniorenzeit haupts\u00e4chlich in der Zweiten eingesetzt. Nach dem Eigengew\u00e4chs Yannek Midden (A-Jugend) und Malte Fischer (Grenzland Twist) ist Thomas damit der dritte Neuzugang unserer Ersten! Wir hei\u00dfen ihn herzlich willkommen und w\u00fcnschen ihm eine erfolgreiche und tolle Zeit beim SVL!<\/p>\n","protected":false},"author":4,"featured_media":5294,"comment_status":"open","ping_status":"open","sticky":false,"template":"","format":"standard","meta":{"footnotes":""},"categories":[11],"tags":[],"class_list":["post-5292","post","type-post","status-publish","format-standard","has-post-thumbnail","hentry","category-seniorenfussball-1-senioren"],"_links":{"self":[{"href":"https:\/\/www.sv-listrup.de\/index.php?rest_route=\/wp\/v2\/posts\/5292","targetHints":{"allow":["GET"]}}],"collection":[{"href":"https:\/\/www.sv-listrup.de\/index.php?rest_route=\/wp\/v2\/posts"}],"about":[{"href":"https:\/\/www.sv-listrup.de\/index.php?rest_route=\/wp\/v2\/types\/post"}],"author":[{"embeddable":true,"href":"https:\/\/www.sv-listrup.de\/index.php?rest_route=\/wp\/v2\/users\/4"}],"replies":[{"embeddable":true,"href":"https:\/\/www.sv-listrup.de\/index.php?rest_route=%2Fwp%2Fv2%2Fcomments&post=5292"}],"version-history":[{"count":2,"href":"https:\/\/www.sv-listrup.de\/index.php?rest_route=\/wp\/v2\/posts\/5292\/revisions"}],"predecessor-version":[{"id":5296,"href":"https:\/\/www.sv-listrup.de\/index.php?rest_route=\/wp\/v2\/posts\/5292\/revisions\/5296"}],"wp:featuredmedia":[{"embeddable":true,"href":"https:\/\/www.sv-listrup.de\/index.php?rest_route=\/wp\/v2\/media\/5294"}],"wp:attachment":[{"href":"https:\/\/www.sv-listrup.de\/index.php?rest_route=%2Fwp%2Fv2%2Fmedia&parent=5292"}],"wp:term":[{"taxonomy":"category","embeddable":true,"href":"https:\/\/www.sv-listrup.de\/index.php?rest_route=%2Fwp%2Fv2%2Fcategories&post=5292"},{"taxonomy":"post_tag","embeddable":true,"href":"https:\/\/www.sv-listrup.de\/index.php?rest_route=%2Fwp%2Fv2%2Ftags&post=5292"}],"curies":[{"name":"wp","href":"https:\/\/api.w.org\/{rel}","templated":true}]}}