{"id":5545,"date":"2019-08-17T13:52:16","date_gmt":"2019-08-17T11:52:16","guid":{"rendered":"http:\/\/sv-listrup.de\/?p=5545"},"modified":"2019-08-17T13:52:17","modified_gmt":"2019-08-17T11:52:17","slug":"41-auswaertssieg-fuer-die-erste-in-thuine%f0%9f%92%aa%f0%9f%8f%bc%f0%9f%98%8a","status":"publish","type":"post","link":"https:\/\/www.sv-listrup.de\/?p=5545","title":{"rendered":"4:1 Ausw\u00e4rtssieg f\u00fcr die #Erste in Thuine\ud83d\udcaa\ud83c\udffc\ud83d\ude0a"},"content":{"rendered":"<p>Die Listruper Elf dreht nach einem 1:0 R\u00fcckstand (Foulelfmeter) das Spiel noch vor der Pause, Mittelst\u00fcrmer Mitch erzielt einen Doppelpack und prompt steht es 2:1\u26bd\ufe0f\u26bd\ufe0f\ud83d\udc4d . Weitere Chancen blieben ungenutzt, doch H\u00e4lfte 2 sollte dies \u00e4ndern \ud83d\ude09<\/p>\n<p>Nach dem Pausenpfiff erh\u00f6ht Mitch seinen Ausbeute auf drei Treffer und stellt die Weichen auf 3 Punkte \ud83d\udcaa\ud83c\udffc<\/p>\n<p>Den Schlusspunkt setzt Yannek Midden nach tollem Chip-Ball von Thomas \u201eWelle\u201c Welling\ud83d\udc4f.<\/p>\n<p>Insgesamt ein verdienter Sieg f\u00fcr den SVL nach etwas schl\u00e4frigem Beginn gegen tapfer k\u00e4mpfende Thuiner, die sich nach dem 3:1 aber aufgaben.<\/p>\n<p>Coach Sascha bekommt seine Wochenziele erf\u00fcllt: n\u00e4chste Pokalrunde und drei Punkte in der Liga &#8211; zudem z.T. top Fu\u00dfball unserer Elf &#8211; die Saison 2019\/2020 hat begonnen \ud83d\udcaa\ud83c\udffc\u26bd\ufe0f\ud83d\ude0a<\/p>\n<p>______________<\/p>\n<p>#Ausw\u00e4rtssieg<\/p>\n<p>#KreisligaEmsland<\/p>\n<p>#erstenDreiPunkte\ud83d\udcaa\ud83c\udffc\ud83d\udcaa\ud83c\udffc\ud83d\udcaa\ud83c\udffc<\/p>\n<p><img loading=\"lazy\" decoding=\"async\" src=\"https:\/\/www.sv-listrup.de\/wp-content\/uploads\/2019\/08\/074c9b0f-f965-4b09-89db-c9be4b7454aa-1.jpg\" class=\"size-full wp-image-5544\" width=\"750\" height=\"1334\" srcset=\"https:\/\/www.sv-listrup.de\/wp-content\/uploads\/2019\/08\/074c9b0f-f965-4b09-89db-c9be4b7454aa-1.jpg 750w, https:\/\/www.sv-listrup.de\/wp-content\/uploads\/2019\/08\/074c9b0f-f965-4b09-89db-c9be4b7454aa-1-169x300.jpg 169w, https:\/\/www.sv-listrup.de\/wp-content\/uploads\/2019\/08\/074c9b0f-f965-4b09-89db-c9be4b7454aa-1-576x1024.jpg 576w\" sizes=\"auto, (max-width: 750px) 100vw, 750px\" \/><\/p>\n","protected":false},"excerpt":{"rendered":"<p>Die Listruper Elf dreht nach einem 1:0 R\u00fcckstand (Foulelfmeter) das Spiel noch vor der Pause, Mittelst\u00fcrmer Mitch erzielt einen Doppelpack und prompt steht es 2:1\u26bd\ufe0f\u26bd\ufe0f\ud83d\udc4d . Weitere Chancen blieben ungenutzt, doch H\u00e4lfte 2 sollte dies \u00e4ndern \ud83d\ude09 Nach dem Pausenpfiff erh\u00f6ht Mitch seinen Ausbeute auf drei Treffer und stellt die Weichen auf 3 Punkte \ud83d\udcaa\ud83c\udffc Den Schlusspunkt setzt Yannek Midden nach tollem Chip-Ball von Thomas \u201eWelle\u201c Welling\ud83d\udc4f. Insgesamt ein verdienter Sieg f\u00fcr den SVL nach etwas schl\u00e4frigem Beginn gegen tapfer k\u00e4mpfende Thuiner, die sich nach dem 3:1 aber aufgaben. Coach Sascha bekommt seine Wochenziele erf\u00fcllt: n\u00e4chste Pokalrunde und drei Punkte in der Liga &#8211; zudem z.T. top Fu\u00dfball unserer Elf &#8211; die Saison 2019\/2020 hat begonnen \ud83d\udcaa\ud83c\udffc\u26bd\ufe0f\ud83d\ude0a ______________ #Ausw\u00e4rtssieg #KreisligaEmsland #erstenDreiPunkte\ud83d\udcaa\ud83c\udffc\ud83d\udcaa\ud83c\udffc\ud83d\udcaa\ud83c\udffc<\/p>\n","protected":false},"author":7,"featured_media":5543,"comment_status":"open","ping_status":"open","sticky":false,"template":"","format":"standard","meta":{"footnotes":""},"categories":[1],"tags":[],"class_list":["post-5545","post","type-post","status-publish","format-standard","has-post-thumbnail","hentry","category-allgemein"],"_links":{"self":[{"href":"https:\/\/www.sv-listrup.de\/index.php?rest_route=\/wp\/v2\/posts\/5545","targetHints":{"allow":["GET"]}}],"collection":[{"href":"https:\/\/www.sv-listrup.de\/index.php?rest_route=\/wp\/v2\/posts"}],"about":[{"href":"https:\/\/www.sv-listrup.de\/index.php?rest_route=\/wp\/v2\/types\/post"}],"author":[{"embeddable":true,"href":"https:\/\/www.sv-listrup.de\/index.php?rest_route=\/wp\/v2\/users\/7"}],"replies":[{"embeddable":true,"href":"https:\/\/www.sv-listrup.de\/index.php?rest_route=%2Fwp%2Fv2%2Fcomments&post=5545"}],"version-history":[{"count":1,"href":"https:\/\/www.sv-listrup.de\/index.php?rest_route=\/wp\/v2\/posts\/5545\/revisions"}],"predecessor-version":[{"id":5546,"href":"https:\/\/www.sv-listrup.de\/index.php?rest_route=\/wp\/v2\/posts\/5545\/revisions\/5546"}],"wp:featuredmedia":[{"embeddable":true,"href":"https:\/\/www.sv-listrup.de\/index.php?rest_route=\/wp\/v2\/media\/5543"}],"wp:attachment":[{"href":"https:\/\/www.sv-listrup.de\/index.php?rest_route=%2Fwp%2Fv2%2Fmedia&parent=5545"}],"wp:term":[{"taxonomy":"category","embeddable":true,"href":"https:\/\/www.sv-listrup.de\/index.php?rest_route=%2Fwp%2Fv2%2Fcategories&post=5545"},{"taxonomy":"post_tag","embeddable":true,"href":"https:\/\/www.sv-listrup.de\/index.php?rest_route=%2Fwp%2Fv2%2Ftags&post=5545"}],"curies":[{"name":"wp","href":"https:\/\/api.w.org\/{rel}","templated":true}]}}