{"id":5643,"date":"2019-09-02T08:05:23","date_gmt":"2019-09-02T06:05:23","guid":{"rendered":"http:\/\/sv-listrup.de\/?p=5643"},"modified":"2019-09-02T08:11:31","modified_gmt":"2019-09-02T06:11:31","slug":"auswaerts-beim-tabellenfuehrer-%e2%9a%bd%ef%b8%8f%f0%9f%92%aa%f0%9f%8f%bc","status":"publish","type":"post","link":"https:\/\/www.sv-listrup.de\/?p=5643","title":{"rendered":"Erste holt Punkt beim 4:4 gegen den Tabellf\u00fchrer \/\/Zweite baut Serie aus!"},"content":{"rendered":"<p><span style=\"font-size: 14pt;\">Last-Minute-Listruper haben wieder zugeschlagen <span class=\"_5mfr\"><span class=\"_6qdm\">\ud83d\udcaa\ud83c\udffc<\/span><\/span><span class=\"_5mfr\"><span class=\"_6qdm\">\ud83c\udf89<\/span><\/span><span class=\"_5mfr\"><span class=\"_6qdm\">\ud83d\ude01<\/span><\/span><\/span><\/p>\n<p><span style=\"font-size: 14pt;\">78. Minute: 4:2 Esterwegen.<\/span><br \/><span style=\"font-size: 14pt;\">92. Minute: 4:4 Listrup <span class=\"_5mfr\"><span class=\"_6qdm\">\ud83d\udc4f<\/span><\/span><\/span><\/p>\n<div class=\"text_exposed_show\">\n<p><span style=\"font-size: 14pt;\">Den SVL darfst du echt niemals abschreiben&#8230; Gegen den offensiv b\u00e4renstarken Tabellenf\u00fchrer lag man fr\u00fch mit 2:0 hinten und fing sich nach dem zwischenzeitlichen 2:1 (Yannek M.) das 3:1. <\/span><br \/><span style=\"font-size: 14pt;\">Nachdem man in einer etwas besseren zweiten H\u00e4lfte noch auf 3:2 (Mitch Elfmeter) ran kam, schien der Drops mit dem 4:2 gelutscht.. Doch erst erzielt Mitch mit einem starken Kopfball das 4:3, kurz vor Schluss waren sich dann der Schlussmann und Verteidiger von Esterwegen uneinig &#8211; pl\u00f6tzlich stand Malte Fischer alleine vorm Tor und k\u00f6pfte ohne Probleme zum umjubelten Ausgleich ein <span class=\"_5mfr\"><span class=\"_6qdm\">\u26bd\ufe0f<\/span><\/span><\/span><\/p>\n<p><span style=\"font-size: 14pt;\">Keiner wei\u00df wie, fragt auch nachher keiner mehr nach &#8211; weiterhin ungeschlagen und erneut eine tolle Moral gezeigt gegen einen echt spielstarken Gegner <span class=\"_5mfr\"><span class=\"_6qdm\">\ud83d\udcaa\ud83c\udffc<\/span><\/span><span class=\"_5mfr\"><span class=\"_6qdm\">\ud83d\ude0e<\/span><\/span>.<\/span><\/p>\n<p><span style=\"font-size: 14pt;\">Gute Besserung &amp; hoffentlich schnelle Genesung noch an unsere Nummer 1 Felix, der in der 87.Minute nach einem Zusammenprall (Knie) runter musste.<span class=\"_5mfr\"><span class=\"_6qdm\">\ud83d\ude15<\/span><\/span><\/span><\/p>\n<p><span style=\"font-size: 14pt;\">________________<\/span><br \/><span style=\"font-size: 14pt;\"><a class=\"_58cn\" href=\"https:\/\/www.facebook.com\/hashtag\/forzasvl?source=feed_text&amp;epa=HASHTAG&amp;__xts__%5B0%5D=68.ARCxStCyUOJQJKL5pvQ7_9pL7I7qHylI7El-5wVgv-xywYq2yk-IFdgi7GNBoAacj9GKEWeci2AVczY_-9OeIfup2XxAUnK9dGTMaN8LYDj11c3JpVe9_w9DzbH07a2JZ5WTLTdDtCK3VdeYiGjGX8u5-p5VL_n_9SohkdOrDcBnFibcwSXLoP_T3ZxaiVe6p5Nh1zeWPtTDA52dcItRb5tDwvuLlov8QSmzJjnd2407ddru4VvPViCadDA1A4N-BK6RHo9lsZd5Zd1pJpmgXsiNFjPxBYZOdGgPbsV23I4YQZdsB9fSzYVovfQOKjsXNylRPADdVhUBOMiVH_wiRn1A0w&amp;__tn__=%2ANK-R\" data-ft=\"{&quot;type&quot;:104,&quot;tn&quot;:&quot;*N&quot;}\"><span class=\"_5afx\"><span class=\"_58cl _5afz\" aria-label=\"Hashtag\">#<\/span><span class=\"_58cm\">ForzaSVL<\/span><\/span><\/a><\/span><br \/><span style=\"font-size: 14pt;\"><a class=\"_58cn\" href=\"https:\/\/www.facebook.com\/hashtag\/kreisligaemsland?source=feed_text&amp;epa=HASHTAG&amp;__xts__%5B0%5D=68.ARCxStCyUOJQJKL5pvQ7_9pL7I7qHylI7El-5wVgv-xywYq2yk-IFdgi7GNBoAacj9GKEWeci2AVczY_-9OeIfup2XxAUnK9dGTMaN8LYDj11c3JpVe9_w9DzbH07a2JZ5WTLTdDtCK3VdeYiGjGX8u5-p5VL_n_9SohkdOrDcBnFibcwSXLoP_T3ZxaiVe6p5Nh1zeWPtTDA52dcItRb5tDwvuLlov8QSmzJjnd2407ddru4VvPViCadDA1A4N-BK6RHo9lsZd5Zd1pJpmgXsiNFjPxBYZOdGgPbsV23I4YQZdsB9fSzYVovfQOKjsXNylRPADdVhUBOMiVH_wiRn1A0w&amp;__tn__=%2ANK-R\" data-ft=\"{&quot;type&quot;:104,&quot;tn&quot;:&quot;*N&quot;}\"><span class=\"_5afx\"><span class=\"_58cl _5afz\" aria-label=\"Hashtag\">#<\/span><span class=\"_58cm\">kreisligaemsland<\/span><\/span><\/a> <\/span><br \/><span style=\"font-size: 14pt;\"><a class=\"_58cn\" href=\"https:\/\/www.facebook.com\/hashtag\/krassemoralkrassetruppe?source=feed_text&amp;epa=HASHTAG&amp;__xts__%5B0%5D=68.ARCxStCyUOJQJKL5pvQ7_9pL7I7qHylI7El-5wVgv-xywYq2yk-IFdgi7GNBoAacj9GKEWeci2AVczY_-9OeIfup2XxAUnK9dGTMaN8LYDj11c3JpVe9_w9DzbH07a2JZ5WTLTdDtCK3VdeYiGjGX8u5-p5VL_n_9SohkdOrDcBnFibcwSXLoP_T3ZxaiVe6p5Nh1zeWPtTDA52dcItRb5tDwvuLlov8QSmzJjnd2407ddru4VvPViCadDA1A4N-BK6RHo9lsZd5Zd1pJpmgXsiNFjPxBYZOdGgPbsV23I4YQZdsB9fSzYVovfQOKjsXNylRPADdVhUBOMiVH_wiRn1A0w&amp;__tn__=%2ANK-R\" data-ft=\"{&quot;type&quot;:104,&quot;tn&quot;:&quot;*N&quot;}\"><span class=\"_5afx\"><span class=\"_58cl _5afz\" aria-label=\"Hashtag\">#<\/span><span class=\"_58cm\">KrasseMoralkrasseTruppe<\/span><\/span><\/a><span class=\"_5mfr\"><span class=\"_6qdm\">\ud83d\udcaa\ud83c\udffc<\/span><\/span><\/span><\/p>\n<p>\u00a0<\/p>\n<\/div>\n\n\n<p>\/Zweite Mannschaft baut Serie aus\/\/<\/p>\n\n\n\n<p> Am Ende stand ein nie wirklich gef\u00e4hrdeter 3:0 Erfolg beim Aufsteiger aus Wettrup auf dem Papier.<\/p>\n\n\n\n<p>\n Lediglich zu Beginn konnten sich die Listruper bedanken, dass Bernd \nB\u00fcnker im 1 gegen 1 Duell der Sieger blieb und das 0:0 hielt.<br>\n Im weiteren Verlauf nahm Listrup immer mehr das Kommando und konnte \nfolglich nach 20 Minuten die F\u00fchrung erzielen, als Marius Post einen zu \nkurz geratenen Absto\u00df eroberte und Luke bediente, der auf Christopher \nquerlegte und dieser die Murmel wuchtig versenkte. \u26bd<\/p>\n\n\n\n<p>\n Durch fr\u00fches Pressing erzwingen sich unsere Jungs immer h\u00e4ufiger den \nBall und konnten weitere gef\u00e4hrliche Torchancen verbuchen (darunter auch\n ein Abseitstor). Wettrup pr\u00fcfte hingegen einmal das Aluminium ihrer \nTore, was den satten Schuss aber stand hielt.<\/p>\n\n\n\n<p> Die letzte Aktion \nvor der Pause geh\u00f6rte dann Luke Lohm\u00f6ller, als er quer vorm Sechzehner \nmit dem Ball spazierte und gegen den Lauf des Keepers die Weichen auf \n2:0 stellte. \u26bd<\/p>\n\n\n\n<p>\n Nach der Pause dann das selbe Bild, die Viererkette um Bernd, H\u00e4nny und\n Goldi hielt den Laden hinten dicht und nach vorne wurde es immer wieder\n gef\u00e4hrlich.<\/p>\n\n\n\n<p> Der n\u00e4chste Glanzmoment kam dann wieder von Luke \nLohm\u00f6ller, als er den Ball im Sechzehner eroberte, dann jedoch gefoult \nwurde, aber Henning Beesterm\u00f6ller nicht lange fackelte und den Ball ins \nLeere Tor schob. \u26bd<\/p>\n\n\n\n<p>\n Die letzten 25 Minuten wurden von unseren Jungs gekonnt \u00fcber die Zeit \ngebracht. Wettrup gelang es nicht zwingende Torchancen zu bekommen und \nListrup vers\u00e4umte es den Sieg noch h\u00f6her ausfallen zu lassen.<\/p>\n\n\n\n<p> Nach den dritten zu Nullsieg in Folge (gab&#8217;s noch nie\ud83d\ude05) steht die Zweite mit 10 Punkten aus 5 Spielen auf Tabellenplatz sieben. <\/p>\n\n\n\n<p>\n Am kommenden Wochenende steht ein Doppelspieltag f\u00fcr die Listruper an. \nAm Freitag geht es um 19 Uhr nach Emsb\u00fcren, ehe dann am Sonntag um 13 \nUhr Salzbergen 2 in Listrup gastiert.<\/p>\n\n\n\n<p> <a href=\"https:\/\/www.facebook.com\/hashtag\/undschonwiederzunull?source=feed_text&amp;epa=HASHTAG&amp;__xts__%5B0%5D=68.ARC-QRZiMr94WPlf8QL95DEXKplg6-r47FIiwaxQB6JXNz7j3v75uoTWgrCBiwswiM0pOdGr9CfqJ7ir6ZVuPJPtfbO9qYlLjoZEKUC3DIb6RvXT1ghRWL-9ioAsrIh63e0BJXhRy5fn6iGqhM9wBUv8Km18246DTcrMGTstc4xmssC4yYnsmeo_EuKQGwl1l-fyc9iZFs8l60m2VX1LBrIbkevgZHy6Q2CbUxmfEf0rcClt8z6R12R1_oWu7iYRzKjQR7ICJhN26xCafNdEPZ1aP4P3s6YefiUNG8WIpFdrd17boeB8vMzfn8y3qtBAGAoeK6MVI41yIu5uLpS5ruZIZg&amp;__tn__=%2ANK-R\">#Undschonwiederzunull<\/a><br> <a href=\"https:\/\/www.facebook.com\/hashtag\/lukemanofthematch?source=feed_text&amp;epa=HASHTAG&amp;__xts__%5B0%5D=68.ARC-QRZiMr94WPlf8QL95DEXKplg6-r47FIiwaxQB6JXNz7j3v75uoTWgrCBiwswiM0pOdGr9CfqJ7ir6ZVuPJPtfbO9qYlLjoZEKUC3DIb6RvXT1ghRWL-9ioAsrIh63e0BJXhRy5fn6iGqhM9wBUv8Km18246DTcrMGTstc4xmssC4yYnsmeo_EuKQGwl1l-fyc9iZFs8l60m2VX1LBrIbkevgZHy6Q2CbUxmfEf0rcClt8z6R12R1_oWu7iYRzKjQR7ICJhN26xCafNdEPZ1aP4P3s6YefiUNG8WIpFdrd17boeB8vMzfn8y3qtBAGAoeK6MVI41yIu5uLpS5ruZIZg&amp;__tn__=%2ANK-R\">#Lukemanofthematch<\/a><\/p>\n","protected":false},"excerpt":{"rendered":"<p>Last-Minute-Listruper haben wieder zugeschlagen \ud83d\udcaa\ud83c\udffc\ud83c\udf89\ud83d\ude01 78. Minute: 4:2 Esterwegen.92. Minute: 4:4 Listrup \ud83d\udc4f Den SVL darfst du echt niemals abschreiben&#8230; Gegen den offensiv b\u00e4renstarken Tabellenf\u00fchrer lag man fr\u00fch mit 2:0 hinten und fing sich nach dem zwischenzeitlichen 2:1 (Yannek M.) das 3:1. Nachdem man in einer etwas besseren zweiten H\u00e4lfte noch auf 3:2 (Mitch Elfmeter) ran kam, schien der Drops mit dem 4:2 gelutscht.. Doch erst erzielt Mitch mit einem starken Kopfball das 4:3, kurz vor Schluss waren sich dann der Schlussmann und Verteidiger von Esterwegen uneinig &#8211; pl\u00f6tzlich stand Malte Fischer alleine vorm Tor und k\u00f6pfte ohne Probleme zum umjubelten Ausgleich ein \u26bd\ufe0f Keiner wei\u00df wie, fragt auch nachher keiner mehr nach &#8211; weiterhin ungeschlagen und erneut eine tolle Moral gezeigt gegen einen echt spielstarken Gegner \ud83d\udcaa\ud83c\udffc\ud83d\ude0e. Gute Besserung &amp; hoffentlich schnelle Genesung noch an unsere Nummer 1 Felix, der in der 87.Minute nach einem Zusammenprall (Knie) runter musste.\ud83d\ude15 ________________#ForzaSVL#kreisligaemsland #KrasseMoralkrasseTruppe\ud83d\udcaa\ud83c\udffc \u00a0 \/Zweite Mannschaft baut Serie aus\/\/ Am Ende stand ein nie wirklich gef\u00e4hrdeter 3:0 Erfolg beim Aufsteiger aus Wettrup auf dem Papier. Lediglich zu Beginn konnten sich die [&hellip;]<\/p>\n","protected":false},"author":7,"featured_media":5649,"comment_status":"open","ping_status":"open","sticky":false,"template":"","format":"standard","meta":{"footnotes":""},"categories":[1],"tags":[],"class_list":["post-5643","post","type-post","status-publish","format-standard","has-post-thumbnail","hentry","category-allgemein"],"_links":{"self":[{"href":"https:\/\/www.sv-listrup.de\/index.php?rest_route=\/wp\/v2\/posts\/5643","targetHints":{"allow":["GET"]}}],"collection":[{"href":"https:\/\/www.sv-listrup.de\/index.php?rest_route=\/wp\/v2\/posts"}],"about":[{"href":"https:\/\/www.sv-listrup.de\/index.php?rest_route=\/wp\/v2\/types\/post"}],"author":[{"embeddable":true,"href":"https:\/\/www.sv-listrup.de\/index.php?rest_route=\/wp\/v2\/users\/7"}],"replies":[{"embeddable":true,"href":"https:\/\/www.sv-listrup.de\/index.php?rest_route=%2Fwp%2Fv2%2Fcomments&post=5643"}],"version-history":[{"count":3,"href":"https:\/\/www.sv-listrup.de\/index.php?rest_route=\/wp\/v2\/posts\/5643\/revisions"}],"predecessor-version":[{"id":5648,"href":"https:\/\/www.sv-listrup.de\/index.php?rest_route=\/wp\/v2\/posts\/5643\/revisions\/5648"}],"wp:featuredmedia":[{"embeddable":true,"href":"https:\/\/www.sv-listrup.de\/index.php?rest_route=\/wp\/v2\/media\/5649"}],"wp:attachment":[{"href":"https:\/\/www.sv-listrup.de\/index.php?rest_route=%2Fwp%2Fv2%2Fmedia&parent=5643"}],"wp:term":[{"taxonomy":"category","embeddable":true,"href":"https:\/\/www.sv-listrup.de\/index.php?rest_route=%2Fwp%2Fv2%2Fcategories&post=5643"},{"taxonomy":"post_tag","embeddable":true,"href":"https:\/\/www.sv-listrup.de\/index.php?rest_route=%2Fwp%2Fv2%2Ftags&post=5643"}],"curies":[{"name":"wp","href":"https:\/\/api.w.org\/{rel}","templated":true}]}}