{"id":5680,"date":"2019-09-17T14:54:54","date_gmt":"2019-09-17T12:54:54","guid":{"rendered":"http:\/\/sv-listrup.de\/?p=5680"},"modified":"2019-09-17T14:54:54","modified_gmt":"2019-09-17T12:54:54","slug":"%ef%bb%bfjsg-u17-uebernimmt-die-tabellenfuehrung","status":"publish","type":"post","link":"https:\/\/www.sv-listrup.de\/?p=5680","title":{"rendered":"\ufeffJSG: U17 \u00fcbernimmt die Tabellenf\u00fchrung!"},"content":{"rendered":"\n<p><strong><br><\/strong><\/p>\n\n\n\n<p>Immer besser in Fahrt kommt\nunsere U17: Nachdem unsere B1 in den ersten beiden Meisterschaftsspielen bei\nzwei Unentschieden noch Punkte liegen lie\u00df, folgten nun zwei Siege\nhintereinander! Diese bedeuten nun die zumindest vor\u00fcbergehende Tabellenf\u00fchrung\nin der Bezirksliga! Gegen die Jungs aus Thuine von der JSG Freren 2 gelang am\nDienstagabend unserer U19 mit einem Ausw\u00e4rtssieg der Einzug in das Achtelfinale\ndes Kreispokals.<br>\n<br>\n<\/p>\n\n\n\n<p><strong>U19:<\/strong><\/p>\n\n\n\n<p>Am Dienstagabend\nspielte unsere U19 bei der JSG Freren 2 in Thuine in der ersten Runde im\nKreispokal. Hier reichte eine eher durchschnittliche Leistung zu einem am Ende\nklaren 6:2-Ausw\u00e4rtserfolg, nachdem sich unsere A1 zu Beginn der ersten Halbzeit\nnoch sehr schwer tat.<\/p>\n\n\n\n<p>Die Tore erzielten je\n2x Marcel Blattner und Jannes Haking sowie Ole Elfert und Louis Kerkhoff.<\/p>\n\n\n\n<p>In der kommenden\nWoche gibt es f\u00fcr unsere U19 zwei richtungsweisende Meisterschaftsspiele:\nZun\u00e4chst ist die Mannschaft von Trainer Uwe Lowak am Mittwochabend um 20.00 Uhr\nzu Gast bei der JSG Ber\u00dfen\/Eisten-H\u00fcven\/L\u00e4hden, danach folgt am Kirmessamstag\num 16.00 Uhr das Heimspiel gegen den stark eingesch\u00e4tzten JFV Hasel\u00fcnne. Unsere\nMannschaft w\u00fcrde sich \u00fcber viele Zuschauer im Concordia-Park freuen!<\/p>\n\n\n\n<p><strong>U17:<\/strong><\/p>\n\n\n\n<p>Fahrt aufgenommen hat unsere U17!\nAuch im vierten Meisterschaftsspiel bei Vorw\u00e4rts Nordhorn 2 blieb die\nMannschaft von Trainer Bobby Sch\u00fcring ungeschlagen und gewann am Ende wie die\nU19 bereits am Dienstag mit 6:2!<\/p>\n\n\n\n<p>Bereits nach 45 Sekunden geriet&nbsp; unser Team jedoch zun\u00e4chst in R\u00fcckstand.\nUnsere U17 zeigte jedoch eine prompte Reaktion und drehte das Spiel innerhalb\nvon f\u00fcnf Minuten zur 2:1-F\u00fchrung. Diese wurde gegen Ende der ersten Halbzeit\nauf 4:1 erh\u00f6ht. S\u00e4mtliche vier Treffer erzielte Simon Seltier, der einen\nSahne-Tag erwischt hatte.<\/p>\n\n\n\n<p>Auch in der zweiten Halbzeit machte\ndie B1 ein gutes Spiel, wenngleich Bobby Sch\u00fcring in einigen Bereichen noch\nLuft nach oben sieht. Die Vorgaben der Trainer wurden dennoch in der zweiten\nHalbzeit richtig gut umgesetzt.<\/p>\n\n\n\n<p>Nach einem zwischenzeitlichen 2:4\nf\u00fcr die Gastgeber nach einem individuellen Fehler, konnte am Ende der\neingewechselte Mika Abeln mit seinen Saisontreffern vier und f\u00fcnf auf den\n2:6-Endstand erh\u00f6hen!<\/p>\n\n\n\n<p>Somit hat unsere U17 zumindest\nvor\u00fcbergehend sogar die Tabellenf\u00fchrung in der Bezirksliga \u00fcbernommen! Die\nKonkurrenz hat zwar noch ein bis zwei Spiele weniger ausgetragen, dennoch ein\ninsgesamt starker Saisonbeginn!<\/p>\n\n\n\n<p>Am Kirmeswochenende hat unsere B1\nspielfrei.<\/p>\n\n\n\n<p><strong>U15:<\/strong><\/p>\n\n\n\n<p>Apropos spielfrei:\nDieses hatte in dieser Woche unsere U15. <\/p>\n\n\n\n<p>F\u00fcr die\nMannschaft von Trainer R\u00fcdiger Gr\u00fcner geht es weiter am Kirmesfreitag mit dem\nAusw\u00e4rtsspiel auf dem H\u00fcmmling bei der JSG S\u00f6gel\/Spahnharrenst\u00e4tte\/Stavern.<\/p>\n\n\n\n<p>Hier die\nn\u00e4chsten Begegnungen f\u00fcr unsere U19 und U15. F\u00fcr alle Jugendfu\u00dfballfans aus der\nGemeinde Emsb\u00fcren d\u00fcrfte das Spiel der U19 am Kirmessamstag sehr interessant\nsein!<\/p>\n\n\n\n<table class=\"wp-block-table\"><tbody><tr><td>\n  <strong>Team<\/strong>\n  <\/td><td>\n  <strong>Datum<\/strong>\n  <\/td><td>\n  <strong>Ansto\u00df<\/strong>\n  <\/td><td>\n  <strong>Spiel<\/strong>\n  <\/td><\/tr><tr><td>\n  <strong>U19:<\/strong>\n  <\/td><td>\n  <strong>Mi., 18.09.<\/strong>\n  <\/td><td>\n  <strong>20.00<\/strong>\n  <\/td><td>\n  JSG Ber\u00dfen \u2013 JSG U19\n  <\/td><\/tr><tr><td>\n  <strong>&nbsp;<\/strong>\n  <\/td><td>\n  <strong>Sa., 21.09.<\/strong>\n  <\/td><td>\n  <strong>16.00<\/strong>\n  <\/td><td>\n  <strong>JSG\n  U19 \u2013 JFV Hasel\u00fcnne <\/strong>\n  <\/td><\/tr><tr><td>\n  <strong>U17:<\/strong>\n  <\/td><td>\n  <strong>&nbsp;<\/strong>\n  <\/td><td>\n  <strong>&nbsp;<\/strong>\n  <\/td><td>\n  Spielfrei\n  <\/td><\/tr><tr><td>\n  <strong>U15:<\/strong>\n  <\/td><td>\n  <strong>Fr., 20.09.<\/strong>\n  <\/td><td>\n  <strong>18.30<\/strong>\n  <\/td><td>\n  JSG S\u00f6gel \u2013 JSG U15\n  <\/td><\/tr><\/tbody><\/table>\n\n\n\n<p>Text:\nHeiner Feldmann<\/p>\n","protected":false},"excerpt":{"rendered":"<p>Immer besser in Fahrt kommt unsere U17: Nachdem unsere B1 in den ersten beiden Meisterschaftsspielen bei zwei Unentschieden noch Punkte liegen lie\u00df, folgten nun zwei Siege hintereinander! Diese bedeuten nun die zumindest vor\u00fcbergehende Tabellenf\u00fchrung in der Bezirksliga! Gegen die Jungs aus Thuine von der JSG Freren 2 gelang am Dienstagabend unserer U19 mit einem Ausw\u00e4rtssieg der Einzug in das Achtelfinale des Kreispokals. U19: Am Dienstagabend spielte unsere U19 bei der JSG Freren 2 in Thuine in der ersten Runde im Kreispokal. Hier reichte eine eher durchschnittliche Leistung zu einem am Ende klaren 6:2-Ausw\u00e4rtserfolg, nachdem sich unsere A1 zu Beginn der ersten Halbzeit noch sehr schwer tat. Die Tore erzielten je 2x Marcel Blattner und Jannes Haking sowie Ole Elfert und Louis Kerkhoff. In der kommenden Woche gibt es f\u00fcr unsere U19 zwei richtungsweisende Meisterschaftsspiele: Zun\u00e4chst ist die Mannschaft von Trainer Uwe Lowak am Mittwochabend um 20.00 Uhr zu Gast bei der JSG Ber\u00dfen\/Eisten-H\u00fcven\/L\u00e4hden, danach folgt am Kirmessamstag um 16.00 Uhr das Heimspiel gegen den stark eingesch\u00e4tzten JFV Hasel\u00fcnne. Unsere Mannschaft w\u00fcrde sich \u00fcber viele Zuschauer im Concordia-Park freuen! U17: Fahrt [&hellip;]<\/p>\n","protected":false},"author":7,"featured_media":3509,"comment_status":"open","ping_status":"open","sticky":false,"template":"","format":"standard","meta":{"footnotes":""},"categories":[1],"tags":[],"class_list":["post-5680","post","type-post","status-publish","format-standard","has-post-thumbnail","hentry","category-allgemein"],"_links":{"self":[{"href":"https:\/\/www.sv-listrup.de\/index.php?rest_route=\/wp\/v2\/posts\/5680","targetHints":{"allow":["GET"]}}],"collection":[{"href":"https:\/\/www.sv-listrup.de\/index.php?rest_route=\/wp\/v2\/posts"}],"about":[{"href":"https:\/\/www.sv-listrup.de\/index.php?rest_route=\/wp\/v2\/types\/post"}],"author":[{"embeddable":true,"href":"https:\/\/www.sv-listrup.de\/index.php?rest_route=\/wp\/v2\/users\/7"}],"replies":[{"embeddable":true,"href":"https:\/\/www.sv-listrup.de\/index.php?rest_route=%2Fwp%2Fv2%2Fcomments&post=5680"}],"version-history":[{"count":1,"href":"https:\/\/www.sv-listrup.de\/index.php?rest_route=\/wp\/v2\/posts\/5680\/revisions"}],"predecessor-version":[{"id":5681,"href":"https:\/\/www.sv-listrup.de\/index.php?rest_route=\/wp\/v2\/posts\/5680\/revisions\/5681"}],"wp:featuredmedia":[{"embeddable":true,"href":"https:\/\/www.sv-listrup.de\/index.php?rest_route=\/wp\/v2\/media\/3509"}],"wp:attachment":[{"href":"https:\/\/www.sv-listrup.de\/index.php?rest_route=%2Fwp%2Fv2%2Fmedia&parent=5680"}],"wp:term":[{"taxonomy":"category","embeddable":true,"href":"https:\/\/www.sv-listrup.de\/index.php?rest_route=%2Fwp%2Fv2%2Fcategories&post=5680"},{"taxonomy":"post_tag","embeddable":true,"href":"https:\/\/www.sv-listrup.de\/index.php?rest_route=%2Fwp%2Fv2%2Ftags&post=5680"}],"curies":[{"name":"wp","href":"https:\/\/api.w.org\/{rel}","templated":true}]}}