{"id":6108,"date":"2020-03-18T10:37:14","date_gmt":"2020-03-18T09:37:14","guid":{"rendered":"http:\/\/sv-listrup.de\/?p=6108"},"modified":"2020-04-11T14:30:14","modified_gmt":"2020-04-11T12:30:14","slug":"%ef%bb%bfneue-trainingsanzuege-fuer-die-jsg-u19-dank-der-firmen-elektro-de-witte-und-crespel-und-deiters","status":"publish","type":"post","link":"https:\/\/www.sv-listrup.de\/?p=6108","title":{"rendered":"\ufeffNeue Trainingsanz\u00fcge f\u00fcr die JSG-U19 dank der Firmen Elektro de Witte und Crespel und Deiters!"},"content":{"rendered":"\n<p><strong><br><\/strong><\/p>\n\n\n\n<p>Sehr\nschmucke neue Trainingsanz\u00fcge hat nun die U19 unserer JSG\nEmsb\u00fcren\/Leschede\/Listrup von den beiden Firmen Elektro de Witte aus Sch\u00fcttorf\nund Crespel und Deiters aus Ibbenb\u00fcren erhalten! Die Mannschaft mit ihren\nTrainern Uwe Lowak und Enno Antons sowie Concordia-Jugendleiter Heiner Feldmann\nbedankten sich bei der \u00dcbergabe sehr herzlich daf\u00fcr!<\/p>\n\n\n\n<figure class=\"wp-block-image\"><img loading=\"lazy\" decoding=\"async\" width=\"1024\" height=\"613\" src=\"https:\/\/www.sv-listrup.de\/wp-content\/uploads\/2020\/03\/DSC_0272_1-1024x613.jpg\" alt=\"\" class=\"wp-image-6109\" srcset=\"https:\/\/www.sv-listrup.de\/wp-content\/uploads\/2020\/03\/DSC_0272_1-1024x613.jpg 1024w, https:\/\/www.sv-listrup.de\/wp-content\/uploads\/2020\/03\/DSC_0272_1-300x180.jpg 300w, https:\/\/www.sv-listrup.de\/wp-content\/uploads\/2020\/03\/DSC_0272_1-768x460.jpg 768w\" sizes=\"auto, (max-width: 1024px) 100vw, 1024px\" \/><\/figure>\n\n\n\n<p><em>Oben von links:\nMarcel Blattner, Jonas Wilbers, Philipp Martins, Ole Elfert, Bastian Holle und\nJannes Haking<\/em><\/p>\n\n\n\n<p><em>Mitte von links: Paul\nZwartjes sen. (Fa. Crespel und Deiters), Inga de Witte (Fa. de Witte), Arne\nFeldmann, Silas Hermes, Nils Fangmeyer, Jonathan L\u00f6cken sowie die Trainer Uwe\nLowak und Enno Antons<\/em><\/p>\n\n\n\n<p><em>Unten von links: Ali\nNoori, Nico Seltier, Paul Zwartjes jun., Christian Jansen, Justin Tautfest und\nPaul Elfert<\/em><\/p>\n\n\n\n<p><em>Es fehlen Kevin\nSchwarze, Sven Wulkotte, Josh Jager und Louis Kerkhoff<\/em><\/p>\n\n\n\n<p>Die\nOberteile der Adidas-Trainingsanz\u00fcge sind derzeit sehr angesagte \u201eHoodies\u201c, die\nbei den Jungs aller bestens ankommen!<\/p>\n\n\n\n<p>Unsere\nU19 belegt derzeit in der Kreisliga Emsland noch ungeschlagen mit sechs Punkten\nVorsprung den ersten Tabellenplatz. Die Mannschaft hat als Saisonziel den\ndirekten Wiederaufstieg in die Bezirksliga!<\/p>\n\n\n\n<p>Bei der Elektro de Witte GmbH aus Sch\u00fcttorf geh\u00f6ren Hausger\u00e4te vom kleinen\nK\u00fcchenhelfer bis hin zur modernsten App-gesteuerten Waschmaschine ebenso zum\nSortiment wie mobile und schnurgebundene Telekommunikation und Hausnetzwerke.\nAu\u00dferdem betreibt die Firma de Witte einen Elektroinstallationsbetrieb, dessen\nSpektrum von einfacher Hausinstallation bis hin zu professioneller\nInstabus-Technik und gewerblichen Installationen reicht. 2017 konnte man einen\nBundespreis f\u00fcr Handwerk in der Denkmalpflege gewinnen.<\/p>\n\n\n\n<p>Last but not least betreibt die Firma de Witte die\n\u201eK\u00fcchendiele\u201c, die am PC mit dem Kunden entwickelte K\u00fcchen durch eigenes\nPersonal fachgerecht montiert. Bereits seit 1977 ist man Mitglied bei expert,\nder st\u00e4rksten Fachhandelskooperation f\u00fcr Technik rund um den Haushalt. Sie\nfinden Elektro de Witte in der J\u00fcrgenstra\u00dfe 13-15 in Sch\u00fcttorf.<\/p>\n\n\n\n<p>Die\nFirma Crespel und Deiters (C&amp;D Corrugating &amp; Paper) aus Ibbenb\u00fcren\nentwickelt und produziert f\u00fcr die Wellpappenindustrie weizenst\u00e4rkebasierte\nHochleistungsklebstoffe sowie Spezialst\u00e4rken f\u00fcr die Papierindustrie. Der\nEinsatz der produzierten Klebstoffe in Kombination mit der ganzheitlichen\nanwendungstechnischen Beratung tr\u00e4gt dazu bei, dass die Leistungsf\u00e4higkeit der\nWellpappenanlage bei optimiertem Energie- und Klebstoffeinsatz ausgenutzt\nwerden kann. Wellpappe kann bis zu 20 Mal wiederverwertet werden.<\/p>\n\n\n\n<p>Crespel\n&amp; Deiters ist einer der f\u00fchrenden Spezialisten in Europa f\u00fcr weizenbasierte\nProdukte f\u00fcr die Food- und Non-Food-Industrie.<\/p>\n\n\n\n<figure class=\"wp-block-image\"><img loading=\"lazy\" decoding=\"async\" width=\"1024\" height=\"748\" src=\"https:\/\/www.sv-listrup.de\/wp-content\/uploads\/2020\/03\/DSC_0267_1-1024x748.jpg\" alt=\"\" class=\"wp-image-6110\" srcset=\"https:\/\/www.sv-listrup.de\/wp-content\/uploads\/2020\/03\/DSC_0267_1-1024x748.jpg 1024w, https:\/\/www.sv-listrup.de\/wp-content\/uploads\/2020\/03\/DSC_0267_1-300x219.jpg 300w, https:\/\/www.sv-listrup.de\/wp-content\/uploads\/2020\/03\/DSC_0267_1-768x561.jpg 768w\" sizes=\"auto, (max-width: 1024px) 100vw, 1024px\" \/><\/figure>\n\n\n\n<p><em>Vielen Dank f\u00fcr die\nUnterst\u00fctzung des Jugendfu\u00dfballs in Emsb\u00fcren! Von links: Trainer Enno Antons,\nPaul Zwartjes, Inga de Witte, Trainer Uwe Lowak.<\/em><\/p>\n\n\n\n<p>Text\nund Fotos: Heiner Feldmann<\/p>\n","protected":false},"excerpt":{"rendered":"<p>Sehr schmucke neue Trainingsanz\u00fcge hat nun die U19 unserer JSG Emsb\u00fcren\/Leschede\/Listrup von den beiden Firmen Elektro de Witte aus Sch\u00fcttorf und Crespel und Deiters aus Ibbenb\u00fcren erhalten! Die Mannschaft mit ihren Trainern Uwe Lowak und Enno Antons sowie Concordia-Jugendleiter Heiner Feldmann bedankten sich bei der \u00dcbergabe sehr herzlich daf\u00fcr! Oben von links: Marcel Blattner, Jonas Wilbers, Philipp Martins, Ole Elfert, Bastian Holle und Jannes Haking Mitte von links: Paul Zwartjes sen. (Fa. Crespel und Deiters), Inga de Witte (Fa. de Witte), Arne Feldmann, Silas Hermes, Nils Fangmeyer, Jonathan L\u00f6cken sowie die Trainer Uwe Lowak und Enno Antons Unten von links: Ali Noori, Nico Seltier, Paul Zwartjes jun., Christian Jansen, Justin Tautfest und Paul Elfert Es fehlen Kevin Schwarze, Sven Wulkotte, Josh Jager und Louis Kerkhoff Die Oberteile der Adidas-Trainingsanz\u00fcge sind derzeit sehr angesagte \u201eHoodies\u201c, die bei den Jungs aller bestens ankommen! Unsere U19 belegt derzeit in der Kreisliga Emsland noch ungeschlagen mit sechs Punkten Vorsprung den ersten Tabellenplatz. Die Mannschaft hat als Saisonziel den direkten Wiederaufstieg in die Bezirksliga! Bei der Elektro de Witte GmbH aus Sch\u00fcttorf geh\u00f6ren Hausger\u00e4te vom [&hellip;]<\/p>\n","protected":false},"author":7,"featured_media":6110,"comment_status":"open","ping_status":"open","sticky":false,"template":"","format":"standard","meta":{"footnotes":""},"categories":[1],"tags":[],"class_list":["post-6108","post","type-post","status-publish","format-standard","has-post-thumbnail","hentry","category-allgemein"],"_links":{"self":[{"href":"https:\/\/www.sv-listrup.de\/index.php?rest_route=\/wp\/v2\/posts\/6108","targetHints":{"allow":["GET"]}}],"collection":[{"href":"https:\/\/www.sv-listrup.de\/index.php?rest_route=\/wp\/v2\/posts"}],"about":[{"href":"https:\/\/www.sv-listrup.de\/index.php?rest_route=\/wp\/v2\/types\/post"}],"author":[{"embeddable":true,"href":"https:\/\/www.sv-listrup.de\/index.php?rest_route=\/wp\/v2\/users\/7"}],"replies":[{"embeddable":true,"href":"https:\/\/www.sv-listrup.de\/index.php?rest_route=%2Fwp%2Fv2%2Fcomments&post=6108"}],"version-history":[{"count":1,"href":"https:\/\/www.sv-listrup.de\/index.php?rest_route=\/wp\/v2\/posts\/6108\/revisions"}],"predecessor-version":[{"id":6111,"href":"https:\/\/www.sv-listrup.de\/index.php?rest_route=\/wp\/v2\/posts\/6108\/revisions\/6111"}],"wp:featuredmedia":[{"embeddable":true,"href":"https:\/\/www.sv-listrup.de\/index.php?rest_route=\/wp\/v2\/media\/6110"}],"wp:attachment":[{"href":"https:\/\/www.sv-listrup.de\/index.php?rest_route=%2Fwp%2Fv2%2Fmedia&parent=6108"}],"wp:term":[{"taxonomy":"category","embeddable":true,"href":"https:\/\/www.sv-listrup.de\/index.php?rest_route=%2Fwp%2Fv2%2Fcategories&post=6108"},{"taxonomy":"post_tag","embeddable":true,"href":"https:\/\/www.sv-listrup.de\/index.php?rest_route=%2Fwp%2Fv2%2Ftags&post=6108"}],"curies":[{"name":"wp","href":"https:\/\/api.w.org\/{rel}","templated":true}]}}