{"id":6451,"date":"2020-06-30T15:34:00","date_gmt":"2020-06-30T13:34:00","guid":{"rendered":"https:\/\/www.sv-listrup.de\/?p=6451"},"modified":"2020-06-30T15:47:34","modified_gmt":"2020-06-30T13:47:34","slug":"jsg-mit-kontinuitaet-in-die-neue-saison","status":"publish","type":"post","link":"https:\/\/www.sv-listrup.de\/?p=6451","title":{"rendered":"JSG: Mit Kontinuit\u00e4t in die neue Saison!"},"content":{"rendered":"\n<p><strong>\u00a0<\/strong><\/p>\n<p>Einen richtig guten Job machten in dieser durch die Corona-Pandemie leider verk\u00fcrzten Saison die Trainer unserer drei leistungsorientiert spielenden Mannschaften der JSG Emsb\u00fcren\/Leschede\/Listrup! Unsere U19 kehrte nach dem ungl\u00fccklichen Abstieg aus der Bezirksliga nach nur einem Jahr als ungeschlagener Meister der Kreisliga Emsland wieder in die Bezirksliga zur\u00fcck. Die U17 spielte in der gesamten Saison in der Spitzengruppe der Bezirksliga und h\u00e4tte bei einem gl\u00fccklicheren Saisonverlauf sogar um die Meisterschaft mitspielen k\u00f6nnen. Nach dem Aufstieg in die Bezirksliga spielte unsere U15 ebenfalls eine tolle Saison und h\u00e4tte auch ohne den Saisonabbruch das Saisonziel Klassenerhalt erreicht.<\/p>\n<p>Der JSG-Vorstand freut sich daher sehr, dass s\u00e4mtliche drei Cheftrainer Uwe Lowak, Bobby Sch\u00fcring und R\u00fcdiger Gr\u00fcner auch in der kommenden Saison ihre Mannschaften weitertrainieren werden. Alle sind im Besitz der Trainer-B-Lizenz. Somit verf\u00fcgt unsere JSG nach dem JLZ Emsland in Meppen hinsichtlich der drei Jugend-Leistungsfu\u00dfballmannschaften\u00a0 in der Region Emsland\/Grafschaft hier weiterhin \u00fcber ein Alleinstellungsmerkmal. Auch bei den Co-Trainern gibt es zum Saisonwechsel in den einzelnen Mannschaften viel Kontinuit\u00e4t.<\/p>\n<p><a href=\"https:\/\/www.sv-listrup.de\/wp-content\/uploads\/2020\/06\/DSC_0379_1-scaled.jpg\"><img loading=\"lazy\" decoding=\"async\" class=\"aligncenter size-full wp-image-6453\" src=\"https:\/\/www.sv-listrup.de\/wp-content\/uploads\/2020\/06\/DSC_0379_1-scaled.jpg\" alt=\"\" width=\"2560\" height=\"1764\" srcset=\"https:\/\/www.sv-listrup.de\/wp-content\/uploads\/2020\/06\/DSC_0379_1-scaled.jpg 2560w, https:\/\/www.sv-listrup.de\/wp-content\/uploads\/2020\/06\/DSC_0379_1-300x207.jpg 300w, https:\/\/www.sv-listrup.de\/wp-content\/uploads\/2020\/06\/DSC_0379_1-1024x705.jpg 1024w, https:\/\/www.sv-listrup.de\/wp-content\/uploads\/2020\/06\/DSC_0379_1-768x529.jpg 768w, https:\/\/www.sv-listrup.de\/wp-content\/uploads\/2020\/06\/DSC_0379_1-1536x1058.jpg 1536w, https:\/\/www.sv-listrup.de\/wp-content\/uploads\/2020\/06\/DSC_0379_1-2048x1411.jpg 2048w\" sizes=\"auto, (max-width: 2560px) 100vw, 2560px\" \/><\/a><\/p>\n<p><em>So trainiert unsere U19 neben Uwe Lowak (links) auch weiterhin Enno Antons (rechts). Beide f\u00fchrten unsere U19 nach nur einem Jahr zur\u00fcck in die Bezirksliga und hoffen dort in der kommenden Saison eine gute Rolle spielen zu k\u00f6nnen. Neben der A1 wird die in Emsb\u00fcren spielende A2 in der ersten Kreisklasse und die in Listrup spielende A3 in der zweiten Kreisklasse an den Start gehen.<\/em><\/p>\n<p><a href=\"https:\/\/www.sv-listrup.de\/wp-content\/uploads\/2020\/06\/DSC_0363_1-scaled.jpg\"><img loading=\"lazy\" decoding=\"async\" class=\"aligncenter size-full wp-image-6456\" src=\"https:\/\/www.sv-listrup.de\/wp-content\/uploads\/2020\/06\/DSC_0363_1-scaled.jpg\" alt=\"\" width=\"2560\" height=\"1620\" srcset=\"https:\/\/www.sv-listrup.de\/wp-content\/uploads\/2020\/06\/DSC_0363_1-scaled.jpg 2560w, https:\/\/www.sv-listrup.de\/wp-content\/uploads\/2020\/06\/DSC_0363_1-300x190.jpg 300w, https:\/\/www.sv-listrup.de\/wp-content\/uploads\/2020\/06\/DSC_0363_1-1024x648.jpg 1024w, https:\/\/www.sv-listrup.de\/wp-content\/uploads\/2020\/06\/DSC_0363_1-768x486.jpg 768w, https:\/\/www.sv-listrup.de\/wp-content\/uploads\/2020\/06\/DSC_0363_1-1536x972.jpg 1536w, https:\/\/www.sv-listrup.de\/wp-content\/uploads\/2020\/06\/DSC_0363_1-2048x1296.jpg 2048w\" sizes=\"auto, (max-width: 2560px) 100vw, 2560px\" \/><\/a><\/p>\n<p><em>In seine dritte Saison geht bei unserer U17 Bobby Sch\u00fcring (mitte). Er wird zur kommenden Saison von dem bew\u00e4hrten Team Tim Wolbers (links), Ronny R\u00e4kers (zweiter von links) und Patrick Schr\u00e4er (zweiter von rechts) unterst\u00fctzt, hinzu kommt zur neuen Saison Werner Kuper (rechts). Auch das Trainerteam der U17 hofft mit der neuen Mannschaft in der Bezirksliga eine gute Rolle spielen zu k\u00f6nnen. Weitere B-Jugendmannschaften werden die in Leschede spielende B2 in der ersten Kreisklasse und die B3 in der zweiten Kreisklasse sein. Die in Listrup spielende B4 startet ebenfalls in der zweiten Kreisklasse.<\/em><\/p>\n<p><a href=\"https:\/\/www.sv-listrup.de\/wp-content\/uploads\/2020\/06\/DSC_0360_1-scaled.jpg\"><img loading=\"lazy\" decoding=\"async\" class=\"aligncenter size-full wp-image-6457\" src=\"https:\/\/www.sv-listrup.de\/wp-content\/uploads\/2020\/06\/DSC_0360_1-scaled.jpg\" alt=\"\" width=\"2560\" height=\"1751\" srcset=\"https:\/\/www.sv-listrup.de\/wp-content\/uploads\/2020\/06\/DSC_0360_1-scaled.jpg 2560w, https:\/\/www.sv-listrup.de\/wp-content\/uploads\/2020\/06\/DSC_0360_1-300x205.jpg 300w, https:\/\/www.sv-listrup.de\/wp-content\/uploads\/2020\/06\/DSC_0360_1-1024x701.jpg 1024w, https:\/\/www.sv-listrup.de\/wp-content\/uploads\/2020\/06\/DSC_0360_1-768x525.jpg 768w, https:\/\/www.sv-listrup.de\/wp-content\/uploads\/2020\/06\/DSC_0360_1-1536x1051.jpg 1536w, https:\/\/www.sv-listrup.de\/wp-content\/uploads\/2020\/06\/DSC_0360_1-2048x1401.jpg 2048w\" sizes=\"auto, (max-width: 2560px) 100vw, 2560px\" \/><\/a><\/p>\n<p><em>Tolle Spiele legte in der letzten Saison auch unsere U15 von Trainer R\u00fcdiger Gr\u00fcner (Mitte) hin. Er wird auch weiterhin von Stefan Platt (rechts) und Marco Th\u00fcnemann (zweiter von rechts) unterst\u00fctzt. Marco geht dabei in seine 22. Saison (!) als C1-Betreuer. Ein echtes JSG-Urgestein! Neu dabei sind Frank G\u00f6sse (links), der Co-Trainer von R\u00fcdiger Gr\u00fcner sein wird, und Uwe Greim (zweiter von links) als Betreuer. Das Trainerteam strebt einen Platz im Mittelfeld der Bezirksliga an und freut sich schon sehr auf die spielstarken Jungs. Die in Leschede spielende C2 wird in der kommenden Saison wieder in der ersten Kreisklasse an den Start gehen, die C3 spielt weiterhin in Emsb\u00fcren in der zweiten Kreisklasse.<\/em><\/p>\n<p>Erstmals seit 2013\/2014 sind somit wieder alle drei Leistungsteams in der Bezirksliga vertreten! Die intensive Jugendarbeit mit qualifizierten Trainern tr\u00e4gt somit f\u00fcr alle drei JSG-Vereine immer mehr Fr\u00fcchte.<\/p>\n<p>Auch in der kommenden Saison wird wieder ein zus\u00e4tzliches F\u00f6rder- und Torwarttraining f\u00fcr unsere B- und C-Jugendlichen angeboten. Das Torwarttraining wird wieder Mike Sandmann \u00fcbernehmen.<\/p>\n<p>\u00a0<\/p>\n<p><a href=\"https:\/\/www.sv-listrup.de\/wp-content\/uploads\/2020\/06\/DSC_0367_1-scaled.jpg\"><img loading=\"lazy\" decoding=\"async\" class=\"aligncenter size-full wp-image-6455\" src=\"https:\/\/www.sv-listrup.de\/wp-content\/uploads\/2020\/06\/DSC_0367_1-scaled.jpg\" alt=\"\" width=\"2560\" height=\"1696\" srcset=\"https:\/\/www.sv-listrup.de\/wp-content\/uploads\/2020\/06\/DSC_0367_1-scaled.jpg 2560w, https:\/\/www.sv-listrup.de\/wp-content\/uploads\/2020\/06\/DSC_0367_1-300x199.jpg 300w, https:\/\/www.sv-listrup.de\/wp-content\/uploads\/2020\/06\/DSC_0367_1-768x509.jpg 768w, https:\/\/www.sv-listrup.de\/wp-content\/uploads\/2020\/06\/DSC_0367_1-2048x1356.jpg 2048w\" sizes=\"auto, (max-width: 2560px) 100vw, 2560px\" \/><\/a><\/p>\n<p><em>Organisiert wird der Fu\u00dfball in der Jugendspielgemeinschaft vom JSG-Vorstand, der sich aus Mitgliedern der Jugendvorst\u00e4nde des SV Listrup,\u00a0 des FC 47 Leschede und des SV Concordia Emsb\u00fcren zusammensetzt. Dieses sind auch in der kommenden Saison Christian B\u00fcnker, Niklas Berger, Bernhard Meyering, Stefan J\u00fcrgens, Steffen P\u00f6ttering, Heiner Feldmann und Nils M\u00f6llmann (es fehlt auf dem Bild Helmut Janning).<\/em><\/p>\n<p>Im JSG-Vorstand gibt es eine jahrelange intensive und vertrauensvolle Zusammenarbeit der drei Mitglieds-Vereine. Die zusammen mit der JSG Messingen\/L\u00fcnne \u00e4lteste Jugendspielgemeinschaft des Emslandes geht nun schon in ihre 29. Saison.\u00a0 Eine echte Erfolgsgeschichte!<\/p>\n<p><a href=\"https:\/\/www.sv-listrup.de\/wp-content\/uploads\/2020\/06\/DSC_0369_1-1-scaled.jpg\"><img loading=\"lazy\" decoding=\"async\" class=\"aligncenter size-full wp-image-6454\" src=\"https:\/\/www.sv-listrup.de\/wp-content\/uploads\/2020\/06\/DSC_0369_1-1-scaled.jpg\" alt=\"\" width=\"2560\" height=\"1696\" srcset=\"https:\/\/www.sv-listrup.de\/wp-content\/uploads\/2020\/06\/DSC_0369_1-1-scaled.jpg 2560w, https:\/\/www.sv-listrup.de\/wp-content\/uploads\/2020\/06\/DSC_0369_1-1-300x199.jpg 300w, https:\/\/www.sv-listrup.de\/wp-content\/uploads\/2020\/06\/DSC_0369_1-1-768x509.jpg 768w, https:\/\/www.sv-listrup.de\/wp-content\/uploads\/2020\/06\/DSC_0369_1-1-2048x1356.jpg 2048w\" sizes=\"auto, (max-width: 2560px) 100vw, 2560px\" \/><\/a><\/p>\n<p><em>\u2026und hier noch ein Gruppenbild mit allen Trainern und JSG-Vorstand!<\/em><\/p>\n<p>Alle beteiligten Spieler, Trainer und der JSG Vorstand freuen uns nach der langen Pause schon sehr auf die neue Saison und hoffen, dass ein Saisonstart wie geplant ab Anfang September auch tats\u00e4chlich m\u00f6glich ist!<\/p>\n<p>Text: Heiner Feldmann<\/p>\n<p>Fotos: Heiner Feldmann und Hubert Silies<\/p>\n\n\n","protected":false},"excerpt":{"rendered":"<p>\u00a0 Einen richtig guten Job machten in dieser durch die Corona-Pandemie leider verk\u00fcrzten Saison die Trainer unserer drei leistungsorientiert spielenden Mannschaften der JSG Emsb\u00fcren\/Leschede\/Listrup! Unsere U19 kehrte nach dem ungl\u00fccklichen Abstieg aus der Bezirksliga nach nur einem Jahr als ungeschlagener Meister der Kreisliga Emsland wieder in die Bezirksliga zur\u00fcck. Die U17 spielte in der gesamten Saison in der Spitzengruppe der Bezirksliga und h\u00e4tte bei einem gl\u00fccklicheren Saisonverlauf sogar um die Meisterschaft mitspielen k\u00f6nnen. Nach dem Aufstieg in die Bezirksliga spielte unsere U15 ebenfalls eine tolle Saison und h\u00e4tte auch ohne den Saisonabbruch das Saisonziel Klassenerhalt erreicht. Der JSG-Vorstand freut sich daher sehr, dass s\u00e4mtliche drei Cheftrainer Uwe Lowak, Bobby Sch\u00fcring und R\u00fcdiger Gr\u00fcner auch in der kommenden Saison ihre Mannschaften weitertrainieren werden. Alle sind im Besitz der Trainer-B-Lizenz. Somit verf\u00fcgt unsere JSG nach dem JLZ Emsland in Meppen hinsichtlich der drei Jugend-Leistungsfu\u00dfballmannschaften\u00a0 in der Region Emsland\/Grafschaft hier weiterhin \u00fcber ein Alleinstellungsmerkmal. Auch bei den Co-Trainern gibt es zum Saisonwechsel in den einzelnen Mannschaften viel Kontinuit\u00e4t. So trainiert unsere U19 neben Uwe Lowak (links) auch weiterhin Enno Antons (rechts). Beide f\u00fchrten [&hellip;]<\/p>\n","protected":false},"author":7,"featured_media":6454,"comment_status":"open","ping_status":"open","sticky":false,"template":"","format":"standard","meta":{"footnotes":""},"categories":[1],"tags":[],"class_list":["post-6451","post","type-post","status-publish","format-standard","has-post-thumbnail","hentry","category-allgemein"],"_links":{"self":[{"href":"https:\/\/www.sv-listrup.de\/index.php?rest_route=\/wp\/v2\/posts\/6451","targetHints":{"allow":["GET"]}}],"collection":[{"href":"https:\/\/www.sv-listrup.de\/index.php?rest_route=\/wp\/v2\/posts"}],"about":[{"href":"https:\/\/www.sv-listrup.de\/index.php?rest_route=\/wp\/v2\/types\/post"}],"author":[{"embeddable":true,"href":"https:\/\/www.sv-listrup.de\/index.php?rest_route=\/wp\/v2\/users\/7"}],"replies":[{"embeddable":true,"href":"https:\/\/www.sv-listrup.de\/index.php?rest_route=%2Fwp%2Fv2%2Fcomments&post=6451"}],"version-history":[{"count":1,"href":"https:\/\/www.sv-listrup.de\/index.php?rest_route=\/wp\/v2\/posts\/6451\/revisions"}],"predecessor-version":[{"id":6458,"href":"https:\/\/www.sv-listrup.de\/index.php?rest_route=\/wp\/v2\/posts\/6451\/revisions\/6458"}],"wp:featuredmedia":[{"embeddable":true,"href":"https:\/\/www.sv-listrup.de\/index.php?rest_route=\/wp\/v2\/media\/6454"}],"wp:attachment":[{"href":"https:\/\/www.sv-listrup.de\/index.php?rest_route=%2Fwp%2Fv2%2Fmedia&parent=6451"}],"wp:term":[{"taxonomy":"category","embeddable":true,"href":"https:\/\/www.sv-listrup.de\/index.php?rest_route=%2Fwp%2Fv2%2Fcategories&post=6451"},{"taxonomy":"post_tag","embeddable":true,"href":"https:\/\/www.sv-listrup.de\/index.php?rest_route=%2Fwp%2Fv2%2Ftags&post=6451"}],"curies":[{"name":"wp","href":"https:\/\/api.w.org\/{rel}","templated":true}]}}