{"id":6602,"date":"2020-09-04T12:32:48","date_gmt":"2020-09-04T10:32:48","guid":{"rendered":"https:\/\/www.sv-listrup.de\/?p=6602"},"modified":"2020-09-04T12:32:48","modified_gmt":"2020-09-04T10:32:48","slug":"zweite-herren-nach-10-monatiger-pflichtspielpause-mit-auftaktpartie-beim-vfb-lingen","status":"publish","type":"post","link":"https:\/\/www.sv-listrup.de\/?p=6602","title":{"rendered":"\/\/ Zweite Herren nach 10-monatiger Pflichtspielpause mit Auftaktpartie beim VfB Lingen \/\/"},"content":{"rendered":"\n<p><\/p>\n\n\n\n<p>Fast schon ein ungewohntes Gef\u00fchl, dass die Jungs der zweiten Mannschaft wieder in einem Meisterschaftsspiel sich duellieren k\u00f6nnen, fand doch das letzte Pflichtspiel Mitte November letzten Jahres gegen Beesten statt\u2026<br>Zum Auftakt geht es direkt gegen einen dicken Brocken der Liga, die mit mehreren ehemals hochkar\u00e4tigen Fu\u00dfballern gespickte Cliquenmannschaft vom VfB Lingen3. Ansto\u00df am Schwarzen Weg ist um 13:00 Uhr.<\/p>\n\n\n\n<p>Lange war es ruhig um die zweite Mannschaft&#8230; Was hat sich in der Corona Pause ver\u00e4ndert?<\/p>\n\n\n\n<p>Wie berichtet wurden Coach Gerrit, St\u00fcrmer Dominik und Routinier Christoph R\u00f6ttering im Sommer von der Truppe verabschiedet. Jeder von Ihnen wird der Truppe sehr fehlen! Aus dem A-Jugendbereich sind Michael Niehoff und Thomas H\u00fclsing zugesto\u00dfen, die sowohl spielerisch als auch vom Charakter gut in das Mannschaftsgef\u00fcge passen. Aus der #Ersten werden vermutlich Bernd Senker und Sebastian H\u00fclsing mehrere Spiele f\u00fcr die #Zweite bestreiten, sowie Henny H\u00fclsing, der schon im Vorjahr eigentlich von der #Ersten verabschiedet wurde. Manuel Berger wurde f\u00fcr den abgewanderten Gerrit mit in den Trainerstab berufen und leitet mit Michael Wilde zusammen die Geschicke. Wie es sonst personell mit der #Zweiten durch die Saison geht, h\u00e4ngt wie immer viel mit der Situation der <a href=\"https:\/\/de-de.facebook.com\/hashtag\/ersten?__eep__=6&amp;source=feed_text&amp;epa=HASHTAG&amp;__xts__%5B0%5D=68.ARCpxZOP8yfVl_N8RlN9c9qOnD5kvWfLofQJ5ucj49Av67_9tLqV7PnhkFxXnVUcFBqm4lLKw976rXSXc42bADaaKzRR-SMLRqtII-0GwBROiPLEQHIfKPcPbcLEZEldIFP_QAHvCNpkYMEQPj5ZWIU8rMG-1XSsG6XA-xH_bgI8-thvRqehDkgdDCu1fKqX9KtlK_A5SI_UlTIHw_fdRJkqtkvgIA-xt9cH0zNJonRV9DqeDNRGL_ao5UTlAUwO3obRuo3aG8HJkkuVpSiDp84Yhp71fvLfs_Lmmebjk2fj4lsnk8bNZyoWqH-QugG32_HnyuLfWyhpaW3VIUjDQwtG5A&amp;__tn__=%2ANK-R\">#Ersten<\/a> zusammen. Hendrik Mei\u00dfner, Christopher Wobbe und Marvin Stein werden in dieser Saison auch vermehrt ihre Eins\u00e4tze in der Kreisliga bekommen, was das personelle Unterfangen der Zweiten nicht einfacher machen wird. Aber wir w\u00e4ren nicht Listrup, wenn wir das nicht schaffen w\u00fcrden. \ud83d\ude09<br>Verletzungsbedingt erst einmal fehlen werden der <a href=\"https:\/\/de-de.facebook.com\/hashtag\/zweiten?__eep__=6&amp;source=feed_text&amp;epa=HASHTAG&amp;__xts__%5B0%5D=68.ARCpxZOP8yfVl_N8RlN9c9qOnD5kvWfLofQJ5ucj49Av67_9tLqV7PnhkFxXnVUcFBqm4lLKw976rXSXc42bADaaKzRR-SMLRqtII-0GwBROiPLEQHIfKPcPbcLEZEldIFP_QAHvCNpkYMEQPj5ZWIU8rMG-1XSsG6XA-xH_bgI8-thvRqehDkgdDCu1fKqX9KtlK_A5SI_UlTIHw_fdRJkqtkvgIA-xt9cH0zNJonRV9DqeDNRGL_ao5UTlAUwO3obRuo3aG8HJkkuVpSiDp84Yhp71fvLfs_Lmmebjk2fj4lsnk8bNZyoWqH-QugG32_HnyuLfWyhpaW3VIUjDQwtG5A&amp;__tn__=%2ANK-R\">#Zweiten<\/a> Luke Lohm\u00f6ller und Thomas H\u00fclsing, die man schmerzlich vermisst\u2026<\/p>\n\n\n\n<p>Wie verlief die Vorbereitung?<\/p>\n\n\n\n<p>Wie auch hier punkten die Jungs nicht gerade durch Trainingsbeteiligung, aber eine konstante Inkonstant ist auch eine Art der Vorbereitung. \ud83d\ude09 Die absolvierten Testspiele waren von den Ergebnissen zwar nicht passend, aber die richtige Spielweise und Einstellung der Jungs war in allen Begegnungen vorhanden. (1:1 gegen Altenlingen 3 Tor; E. Fangmeyer, 4:2 gegen SuSa 3, Tore; E. Fangmeyer, 2x J. Lohm\u00f6ller, H. Hinterding, 0:2 gegen Salzbergen3, 5:1 in Clusorth\/Bramhar Tor; M. R\u00f6ttering)<\/p>\n\n\n\n<p>Wie ist der Saisonablauf in der zweiten Kreisklasse geplant?<\/p>\n\n\n\n<p>Die Liga wurde in die Staffeln A und B aufgeteilt. Unsere M\u00e4nner haben sich in der Staffel A zu behaupten, wo die vermeintlich st\u00e4rkeren Gegner sind. Gegner sind Salzbergen 2, Salzbergen 3, Emsb\u00fcren 4, Spelle 4, Altenlingen 3, TUS Lingen und eben der VfB. Nach Ablauf der Staffel werden die Aufstiegs- und Abstiegsplayoffs durchgef\u00fchrt, die dann ab April beginnen.<br>Wichtig f\u00fcr unsere M\u00e4nner ist hierbei, dass man auch nach zu erwartenden Niederlagen nicht die Lust und Laune an das Fu\u00dfballspielen verliert.<\/p>\n\n\n\n<p>Nichtsdestotrotz ist die Vorfreude auf die neue Spielzeit bei den Jungs vorhanden, denn gerade, wenn man mit den R\u00fccken zur Wand stand, ist die <a href=\"https:\/\/de-de.facebook.com\/hashtag\/zweite?__eep__=6&amp;source=feed_text&amp;epa=HASHTAG&amp;__xts__%5B0%5D=68.ARCpxZOP8yfVl_N8RlN9c9qOnD5kvWfLofQJ5ucj49Av67_9tLqV7PnhkFxXnVUcFBqm4lLKw976rXSXc42bADaaKzRR-SMLRqtII-0GwBROiPLEQHIfKPcPbcLEZEldIFP_QAHvCNpkYMEQPj5ZWIU8rMG-1XSsG6XA-xH_bgI8-thvRqehDkgdDCu1fKqX9KtlK_A5SI_UlTIHw_fdRJkqtkvgIA-xt9cH0zNJonRV9DqeDNRGL_ao5UTlAUwO3obRuo3aG8HJkkuVpSiDp84Yhp71fvLfs_Lmmebjk2fj4lsnk8bNZyoWqH-QugG32_HnyuLfWyhpaW3VIUjDQwtG5A&amp;__tn__=%2ANK-R\">#Zweite<\/a> immer f\u00fcr \u00dcberraschungen gut gewesen&#8230; Im Bild zusehen ist der komplette Spielplan unsere M\u00e4nner f\u00fcr dieses Kalenderjahr!<\/p>\n\n\n\n<p>Bericht: HH<\/p>\n\n\n\n<figure class=\"wp-block-image size-large\"><img loading=\"lazy\" decoding=\"async\" width=\"723\" height=\"770\" src=\"https:\/\/www.sv-listrup.de\/wp-content\/uploads\/2020\/09\/118767668_4441210765952706_8241963659331713046_n.jpg\" alt=\"\" class=\"wp-image-6603\" srcset=\"https:\/\/www.sv-listrup.de\/wp-content\/uploads\/2020\/09\/118767668_4441210765952706_8241963659331713046_n.jpg 723w, https:\/\/www.sv-listrup.de\/wp-content\/uploads\/2020\/09\/118767668_4441210765952706_8241963659331713046_n-282x300.jpg 282w\" sizes=\"auto, (max-width: 723px) 100vw, 723px\" \/><\/figure>\n","protected":false},"excerpt":{"rendered":"<p>Fast schon ein ungewohntes Gef\u00fchl, dass die Jungs der zweiten Mannschaft wieder in einem Meisterschaftsspiel sich duellieren k\u00f6nnen, fand doch das letzte Pflichtspiel Mitte November letzten Jahres gegen Beesten statt\u2026Zum Auftakt geht es direkt gegen einen dicken Brocken der Liga, die mit mehreren ehemals hochkar\u00e4tigen Fu\u00dfballern gespickte Cliquenmannschaft vom VfB Lingen3. Ansto\u00df am Schwarzen Weg ist um 13:00 Uhr. Lange war es ruhig um die zweite Mannschaft&#8230; Was hat sich in der Corona Pause ver\u00e4ndert? Wie berichtet wurden Coach Gerrit, St\u00fcrmer Dominik und Routinier Christoph R\u00f6ttering im Sommer von der Truppe verabschiedet. Jeder von Ihnen wird der Truppe sehr fehlen! Aus dem A-Jugendbereich sind Michael Niehoff und Thomas H\u00fclsing zugesto\u00dfen, die sowohl spielerisch als auch vom Charakter gut in das Mannschaftsgef\u00fcge passen. Aus der #Ersten werden vermutlich Bernd Senker und Sebastian H\u00fclsing mehrere Spiele f\u00fcr die #Zweite bestreiten, sowie Henny H\u00fclsing, der schon im Vorjahr eigentlich von der #Ersten verabschiedet wurde. Manuel Berger wurde f\u00fcr den abgewanderten Gerrit mit in den Trainerstab berufen und leitet mit Michael Wilde zusammen die Geschicke. Wie es sonst personell mit der #Zweiten durch die [&hellip;]<\/p>\n","protected":false},"author":7,"featured_media":5578,"comment_status":"open","ping_status":"open","sticky":false,"template":"","format":"standard","meta":{"footnotes":""},"categories":[10],"tags":[],"class_list":["post-6602","post","type-post","status-publish","format-standard","has-post-thumbnail","hentry","category-seniorenfussbal-2-senioren"],"_links":{"self":[{"href":"https:\/\/www.sv-listrup.de\/index.php?rest_route=\/wp\/v2\/posts\/6602","targetHints":{"allow":["GET"]}}],"collection":[{"href":"https:\/\/www.sv-listrup.de\/index.php?rest_route=\/wp\/v2\/posts"}],"about":[{"href":"https:\/\/www.sv-listrup.de\/index.php?rest_route=\/wp\/v2\/types\/post"}],"author":[{"embeddable":true,"href":"https:\/\/www.sv-listrup.de\/index.php?rest_route=\/wp\/v2\/users\/7"}],"replies":[{"embeddable":true,"href":"https:\/\/www.sv-listrup.de\/index.php?rest_route=%2Fwp%2Fv2%2Fcomments&post=6602"}],"version-history":[{"count":1,"href":"https:\/\/www.sv-listrup.de\/index.php?rest_route=\/wp\/v2\/posts\/6602\/revisions"}],"predecessor-version":[{"id":6604,"href":"https:\/\/www.sv-listrup.de\/index.php?rest_route=\/wp\/v2\/posts\/6602\/revisions\/6604"}],"wp:featuredmedia":[{"embeddable":true,"href":"https:\/\/www.sv-listrup.de\/index.php?rest_route=\/wp\/v2\/media\/5578"}],"wp:attachment":[{"href":"https:\/\/www.sv-listrup.de\/index.php?rest_route=%2Fwp%2Fv2%2Fmedia&parent=6602"}],"wp:term":[{"taxonomy":"category","embeddable":true,"href":"https:\/\/www.sv-listrup.de\/index.php?rest_route=%2Fwp%2Fv2%2Fcategories&post=6602"},{"taxonomy":"post_tag","embeddable":true,"href":"https:\/\/www.sv-listrup.de\/index.php?rest_route=%2Fwp%2Fv2%2Ftags&post=6602"}],"curies":[{"name":"wp","href":"https:\/\/api.w.org\/{rel}","templated":true}]}}