{"id":7042,"date":"2021-05-13T08:00:00","date_gmt":"2021-05-13T06:00:00","guid":{"rendered":"https:\/\/www.sv-listrup.de\/?p=7042"},"modified":"2021-05-11T10:38:53","modified_gmt":"2021-05-11T08:38:53","slug":"christi-himmelfahrts-interview-mit-albat-roettering-coach-1-damen","status":"publish","type":"post","link":"https:\/\/www.sv-listrup.de\/?p=7042","title":{"rendered":"Christi Himmelfahrts-Interview mit Albat R\u00f6ttering, Coach 1. Damen!"},"content":{"rendered":"\n<p><strong><em>Moin Matthias, oder Albat?! Was ist dir eigentlich lieber? Und wie kam es \u00fcberhaupt zu dem Spitznamen Albat, der (zumindest hier in Listrup) bekannter zu sein scheint als dein echter Vorname.<\/em><\/strong><\/p>\n<p>Moin, f\u00fcr mich ist beides ok. Ich denke, ich habe auch keine andere Wahl mehr. \ud83d\ude09 Den Spitznamen habe ich durch meine Verwandtschaft bekommen, die deutlich \u00e4lteren Cousins und Cousinen wollten mir stets Angst vor einem gro\u00dfen Hund, der Albat hie\u00df, machen. Diese Geschichte zog sich durch. da Salzbergen nicht ganz so gro\u00df ist, bekam meine Clique davon mit \u00a0und von da an kam ich nicht mehr raus.\u00a0 F\u00fcr BB ist auch Albert ok.<\/p>\n<p><strong><em>Du gehst mit nun 35 Jahren bereits in deine 10. Saison als Coach unserer Damenmannschaft. Wie kam es dazu, dass du bereits mit 25 damals Coach wurdest und wie erkl\u00e4rst du dir diese lange Amtszeit?<\/em><\/strong><\/p>\n<p>Das ist eine Geschichte, die typisch ist f\u00fcr Listrup, wie ich finde. Ich kam 2009 mit meiner jetzigen Frau Mareike zusammen, die zu der Zeit aktiv bei den 1. Damen spielte. Somit habe ich mir auch so gut es ging ihre Spiele angeschaut. Dies fiel wiederum Hase auf.\u00a0 <br \/>Sch\u00fctzenfest 2012 sprach Hase mich zur sp\u00e4teren Stunde auf das Thema an, getreu dem Motto \u201edu bist ja eh da\u201c. Ich meine \u00fcbrigens, dass ich damals nicht wirklich zugesagt habe.\u00a0 Sei es drum, ich glaube beim letzten Training der Saison 2011\/2012 traf sich Hase mit den Kapit\u00e4ninnen, um zu besprechen, wie es weiter gehen soll. Ich hatte zu dem Zeitpunkt selber \u00a0Training am Platz und Hase fragte mich, \u00a0ob ich dazu kommen wollte. 5 Minuten sp\u00e4ter wurde ich der Mannschaft als neuer Trainer vorgestellt. U.a. auch Mareike, \u00a0die davon \u00a0nichts wusste.\u00a0<\/p>\n<p>Das 1. Spiel verloren wir \u00fcbrigens mit 5:0. Hase kam nach dem Spiel zu mir und sagte, ich br\u00e4uchte mir \u00a0keine Sorgen machen. Dein Job ist sicher. Das will keiner machen.<\/p>\n<p><em><strong>Zur aktuellen Situation: Wie bewertest du deine aktuelle Mannschaft? Ist das vielleicht die st\u00e4rkste Truppe, die du in den 10 Jahren trainieren durftest?<\/strong> <br \/><\/em>Es h\u00f6rt sich an wie eine Floskel, aber egal.\u00a0 Ob durch \u00c4nderungen im Kader oder durch die dazu gewonnene Erfahrung, der Kader wird von Jahr zu Jahr st\u00e4rker. Somit gehen wir auch in die n\u00e4chste Saison mit dem besten Kader, den diese Mannschaft je hatte. Die Mannschaft w\u00fcrde sich selbst von damals deutlich schlagen. Das ist das was Spa\u00df macht und antriebt, bei der Mannschaft ist kein Ende oder Limit in Sicht. <br \/>Wie siehst du denn die Chancen auf einen Aufstieg? Ihr spielt aktuell in der Bezirksliga, was schon beachtlich ist, musstet Corona bedingt aber nun zum zweiten Mal hinnehmen, nicht richtig um den Aufstieg k\u00e4mpfen zu d\u00fcrfen.<\/p>\n<p>Die Mannschaft hat auf jeden Fall die M\u00f6glichkeit aufzusteigen. Ob es in dieser Saison geklappt h\u00e4tte, ist schwer zu sagen. Knappe Niederlagen gegen die beiden erstplatzierten zeigen, dass mit uns zu rechnen gewesen w\u00e4re. Offen ist aktuell noch der Bezirkspokal, \u00a0wo wir bereits 2 Runden erfolgreich bestreiten konnten.<\/p>\n<p><strong><em>Hast du Vorbilder als Coach? Ehemalige Trainer von dir? Trainer aus dem Profifu\u00dfball, von denen du dir viel abschaust?<\/em><\/strong><\/p>\n<p>Selber als Spieler habe ich am meisten durch Kalle Schubring gelernt.\u00a0 W\u00e4hrend seiner Zeit bin ich nach Listrup gewechselt und wurde Spieler der 1. Mannschaft.\u00a0 F\u00fcr mich ist und bleibt Bernhard Lammers der beste Trainer, unter dem ich trainieren durfte oder dessen Arbeit ich am beeindruckendsten fand.\u00a0 Unvergessen sind aber nat\u00fcrlich auch die Jahre unter Va mit 2 Aufstiegen und den Klassenerhalten in der 2. Kreisklasse.<\/p>\n<p>Im Profibereich gibt es nicht den einen Trainer. Beeindruckend ist, was Christian Streich oder ein Urs Fischer so auf die Beine stellen. Die arbeiten mit dem, was vorhanden ist. Bei einigen Trainer wird der Kader ausgetauscht, bis das gew\u00fcnschte System funktioniert. Ich versuche, so viel es geht auf die Trainer zu achten. Ein Vorteil der aktuellen Situation ist die Ruhe im Stadion. Dadurch bekommt man viel mit. Podcasts, in denen Trainer auftreten, sind sehr interessant.<\/p>\n<p><strong><em>Wie h\u00e4ltst du in der aktuellen Zeit noch Kontakt zur Mannschaft und wie bereitet ihr euch aktuell auf den ungewissen Tag X (Trainingsstart\/Start neue Saison) vor?<\/em><\/strong><\/p>\n<p>Mit angeschlagenen, kranken oder verletzten Spielern halte ich st\u00e4ndig kontakt, egal ob Saison oder nicht. Dazu informiere ich die Mannschaft \u00fcber alle Neuigkeiten via WhatsApp. Bis zum endg\u00fcltigen Saisonaus \u00a0haben wir uns voll fit gehalten und die Spielerinnen mussten Einheiten f\u00fcr sich selbst, \u00a0aber auch vorbereitete Einheiten bei mir zu Hause absolvieren.<\/p>\n<p>Dazu hat die Mannschaft wie jedes Jahr einen super Party- und Fetenausschuss. Hier werden aktuell gemeinsame Bierproben, Bingo-Abende oder sonstige Online-Aktivit\u00e4ten organisiert.\u00a0<\/p>\n<p>Aktuell befindet sich die Mannschaft in der Pause. Die Spieler haben die Aufgabe, sich fit zu halten. D\u00fcrfen aber sonst komplett runterfahren. Das Ziel wird eine lange und auch intensive Vorbereitung sein. Wir wollen auf dem Punkt fit sein und auch spielerisch durch einige Tests voll da sein.\u00a0 \u00a0<\/p>\n<p><strong><em>Hast du noch konkrete Ziele, die du in deiner (noch jungen) Trainerlaufbahn erreichen willst? <\/em><\/strong><\/p>\n<p>In den n\u00e4chsten 2 Jahren m\u00f6chte ich meine B-Lizenz erhalte. Neben einer beruflichen Fortbildung und Corona ist dies aber nicht so einfach. Alle Vorgaben daf\u00fcr konnte ich jedenfalls erf\u00fcllen. Wie schon geschrieben, \u00a0zeigt die Mannschaft mir aktuell keine Grenzen. Deswegen habe ich das Gef\u00fchl, ich bin hier noch nicht fertig. Dazu kommt, dass hier ein super Umfeld herrscht und alles M\u00f6gliche gemacht wird f\u00fcr die Damen.<\/p>\n<p>Wenn das dann doch mal kommen sollten, gibt es vieles, was ich mir grunds\u00e4tzlich vorstellen k\u00f6nnte.<\/p>\n<p>Es gibt auch \u00a0interessante Sachen, die nach der B-Lizenz kommen. Aber das ist noch weit weg. \u00a0\u00a0<\/p>\n<p>\u00a0<\/p>\n<p><strong><em>Letzte Frage: Ein paar Jahre bist du ja auch schon im Amateursport dabei. Hast du eine witzige Anekdote f\u00fcr uns, an die du dich immer erinnern wirst?<\/em><\/strong><\/p>\n<p>Es ist schwer das kurz zusammen zu fassen, aber vielleicht, dass Orgel im Kader der 1. Mannschaft eingewechselt werden sollte aber leider als Grillmaster an dem Tag der Mannschaft nicht zur Verf\u00fcgung stand oder das selbst Polizisten in Listrup aufpassen m\u00fcssen, dass ihnen nichts abgenommen wird.<\/p>\n","protected":false},"excerpt":{"rendered":"<p>Moin Matthias, oder Albat?! Was ist dir eigentlich lieber? Und wie kam es \u00fcberhaupt zu dem Spitznamen Albat, der (zumindest hier in Listrup) bekannter zu sein scheint als dein echter Vorname. Moin, f\u00fcr mich ist beides ok. Ich denke, ich habe auch keine andere Wahl mehr. \ud83d\ude09 Den Spitznamen habe ich durch meine Verwandtschaft bekommen, die deutlich \u00e4lteren Cousins und Cousinen wollten mir stets Angst vor einem gro\u00dfen Hund, der Albat hie\u00df, machen. Diese Geschichte zog sich durch. da Salzbergen nicht ganz so gro\u00df ist, bekam meine Clique davon mit \u00a0und von da an kam ich nicht mehr raus.\u00a0 F\u00fcr BB ist auch Albert ok. Du gehst mit nun 35 Jahren bereits in deine 10. Saison als Coach unserer Damenmannschaft. Wie kam es dazu, dass du bereits mit 25 damals Coach wurdest und wie erkl\u00e4rst du dir diese lange Amtszeit? Das ist eine Geschichte, die typisch ist f\u00fcr Listrup, wie ich finde. Ich kam 2009 mit meiner jetzigen Frau Mareike zusammen, die zu der Zeit aktiv bei den 1. Damen spielte. Somit habe ich mir auch so gut es ging [&hellip;]<\/p>\n","protected":false},"author":7,"featured_media":6907,"comment_status":"open","ping_status":"open","sticky":false,"template":"","format":"standard","meta":{"footnotes":""},"categories":[7],"tags":[],"class_list":["post-7042","post","type-post","status-publish","format-standard","has-post-thumbnail","hentry","category-seniorenfussball-1-damen"],"_links":{"self":[{"href":"https:\/\/www.sv-listrup.de\/index.php?rest_route=\/wp\/v2\/posts\/7042","targetHints":{"allow":["GET"]}}],"collection":[{"href":"https:\/\/www.sv-listrup.de\/index.php?rest_route=\/wp\/v2\/posts"}],"about":[{"href":"https:\/\/www.sv-listrup.de\/index.php?rest_route=\/wp\/v2\/types\/post"}],"author":[{"embeddable":true,"href":"https:\/\/www.sv-listrup.de\/index.php?rest_route=\/wp\/v2\/users\/7"}],"replies":[{"embeddable":true,"href":"https:\/\/www.sv-listrup.de\/index.php?rest_route=%2Fwp%2Fv2%2Fcomments&post=7042"}],"version-history":[{"count":2,"href":"https:\/\/www.sv-listrup.de\/index.php?rest_route=\/wp\/v2\/posts\/7042\/revisions"}],"predecessor-version":[{"id":7044,"href":"https:\/\/www.sv-listrup.de\/index.php?rest_route=\/wp\/v2\/posts\/7042\/revisions\/7044"}],"wp:featuredmedia":[{"embeddable":true,"href":"https:\/\/www.sv-listrup.de\/index.php?rest_route=\/wp\/v2\/media\/6907"}],"wp:attachment":[{"href":"https:\/\/www.sv-listrup.de\/index.php?rest_route=%2Fwp%2Fv2%2Fmedia&parent=7042"}],"wp:term":[{"taxonomy":"category","embeddable":true,"href":"https:\/\/www.sv-listrup.de\/index.php?rest_route=%2Fwp%2Fv2%2Fcategories&post=7042"},{"taxonomy":"post_tag","embeddable":true,"href":"https:\/\/www.sv-listrup.de\/index.php?rest_route=%2Fwp%2Fv2%2Ftags&post=7042"}],"curies":[{"name":"wp","href":"https:\/\/api.w.org\/{rel}","templated":true}]}}