{"id":7147,"date":"2021-07-26T14:13:23","date_gmt":"2021-07-26T12:13:23","guid":{"rendered":"https:\/\/www.sv-listrup.de\/?p=7147"},"modified":"2021-07-26T14:13:23","modified_gmt":"2021-07-26T12:13:23","slug":"neue-mini-kicker-mannschaft","status":"publish","type":"post","link":"https:\/\/www.sv-listrup.de\/?p=7147","title":{"rendered":"Neue Mini-Kicker Mannschaft !"},"content":{"rendered":"\n<p>Hallo zusammen. <br \/>Beim SV Listrup wird f\u00fcr die neue Saison wieder eine neue Minikicker Mannschaft eingerichtet. <br \/>Daf\u00fcr sind alle Kinder des Jahrgangs 2017 herzlich eingeladen.\ud83d\ude03 Gerne weiter sagen und den Flyer teilen.<br \/>Am 07.09. geht&#8217;s los ! Wir freuen uns auf eine gro\u00dfe Beteiligung \ud83d\ude0a<br \/>Gru\u00df Sebastian H\u00fclsing und J\u00fcrgen Meyering<\/p>\n\n\n\n<p><a href=\"https:\/\/www.sv-listrup.de\/wp-content\/uploads\/2021\/07\/740B4620-FEDD-4D8C-816C-2AE0E27F21BE.jpeg\"><img loading=\"lazy\" decoding=\"async\" class=\"aligncenter size-full wp-image-7148\" src=\"https:\/\/www.sv-listrup.de\/wp-content\/uploads\/2021\/07\/740B4620-FEDD-4D8C-816C-2AE0E27F21BE.jpeg\" alt=\"\" width=\"791\" height=\"1141\" srcset=\"https:\/\/www.sv-listrup.de\/wp-content\/uploads\/2021\/07\/740B4620-FEDD-4D8C-816C-2AE0E27F21BE.jpeg 791w, https:\/\/www.sv-listrup.de\/wp-content\/uploads\/2021\/07\/740B4620-FEDD-4D8C-816C-2AE0E27F21BE-208x300.jpeg 208w, https:\/\/www.sv-listrup.de\/wp-content\/uploads\/2021\/07\/740B4620-FEDD-4D8C-816C-2AE0E27F21BE-710x1024.jpeg 710w, https:\/\/www.sv-listrup.de\/wp-content\/uploads\/2021\/07\/740B4620-FEDD-4D8C-816C-2AE0E27F21BE-768x1108.jpeg 768w\" sizes=\"auto, (max-width: 791px) 100vw, 791px\" \/><\/a><\/p>\n","protected":false},"excerpt":{"rendered":"<p>Hallo zusammen. Beim SV Listrup wird f\u00fcr die neue Saison wieder eine neue Minikicker Mannschaft eingerichtet. Daf\u00fcr sind alle Kinder des Jahrgangs 2017 herzlich eingeladen.\ud83d\ude03 Gerne weiter sagen und den Flyer teilen.Am 07.09. geht&#8217;s los ! Wir freuen uns auf eine gro\u00dfe Beteiligung \ud83d\ude0aGru\u00df Sebastian H\u00fclsing und J\u00fcrgen Meyering<\/p>\n","protected":false},"author":7,"featured_media":7148,"comment_status":"open","ping_status":"open","sticky":false,"template":"","format":"standard","meta":{"footnotes":""},"categories":[1],"tags":[],"class_list":["post-7147","post","type-post","status-publish","format-standard","has-post-thumbnail","hentry","category-allgemein"],"_links":{"self":[{"href":"https:\/\/www.sv-listrup.de\/index.php?rest_route=\/wp\/v2\/posts\/7147","targetHints":{"allow":["GET"]}}],"collection":[{"href":"https:\/\/www.sv-listrup.de\/index.php?rest_route=\/wp\/v2\/posts"}],"about":[{"href":"https:\/\/www.sv-listrup.de\/index.php?rest_route=\/wp\/v2\/types\/post"}],"author":[{"embeddable":true,"href":"https:\/\/www.sv-listrup.de\/index.php?rest_route=\/wp\/v2\/users\/7"}],"replies":[{"embeddable":true,"href":"https:\/\/www.sv-listrup.de\/index.php?rest_route=%2Fwp%2Fv2%2Fcomments&post=7147"}],"version-history":[{"count":1,"href":"https:\/\/www.sv-listrup.de\/index.php?rest_route=\/wp\/v2\/posts\/7147\/revisions"}],"predecessor-version":[{"id":7149,"href":"https:\/\/www.sv-listrup.de\/index.php?rest_route=\/wp\/v2\/posts\/7147\/revisions\/7149"}],"wp:featuredmedia":[{"embeddable":true,"href":"https:\/\/www.sv-listrup.de\/index.php?rest_route=\/wp\/v2\/media\/7148"}],"wp:attachment":[{"href":"https:\/\/www.sv-listrup.de\/index.php?rest_route=%2Fwp%2Fv2%2Fmedia&parent=7147"}],"wp:term":[{"taxonomy":"category","embeddable":true,"href":"https:\/\/www.sv-listrup.de\/index.php?rest_route=%2Fwp%2Fv2%2Fcategories&post=7147"},{"taxonomy":"post_tag","embeddable":true,"href":"https:\/\/www.sv-listrup.de\/index.php?rest_route=%2Fwp%2Fv2%2Ftags&post=7147"}],"curies":[{"name":"wp","href":"https:\/\/api.w.org\/{rel}","templated":true}]}}