{"id":7195,"date":"2021-08-26T10:38:10","date_gmt":"2021-08-26T08:38:10","guid":{"rendered":"https:\/\/www.sv-listrup.de\/?p=7195"},"modified":"2021-08-26T16:15:07","modified_gmt":"2021-08-26T14:15:07","slug":"erste-zweiter-am-sonntag-im-waldstadion-gersten-messingen-sind-zu-gast","status":"publish","type":"post","link":"https:\/\/www.sv-listrup.de\/?p=7195","title":{"rendered":"Erste &#038; Zweite am Sonntag im Waldstadion! Gersten &#038; Messingen sind zu Gast"},"content":{"rendered":"\n<p>Beide Herrenmannschaften spielen am Sonntag im heimischen Waldstadion. Ansto\u00df bei unserer 2. Herren in der 2. Kreisklasse Emsland S\u00fcd ist um 13:00 Uhr, zu Gast ist die 1. Mannschaft von Victoria Gersten.<br \/>Richtig angekommen ist unsere Zweite noch nicht in der Saison 2021\/2022. Null Punkte und 1:7 Tore sprechen eine deutliche Sprache &#8211; und dann kommt auch noch der Tabellenf\u00fchrer mit zwei Siegen und 11:4 Toren aus den ersten beiden Partien&#8230; Doch gerade in solch aussichtslosen Partien gab es in der Vergangenheit h\u00e4ufig \u00dcberraschungen unserer Zweiten, deshalb sollte sich auch Gersten auf einen hei\u00dfen Kampf gefasst machen \ud83d\ude09<\/p>\n<p>Aktuelle Tabelle sowie weiterer Spielplan:<br \/><a href=\"https:\/\/www.fussball.de\/mannschaft\/sv-listrup-ii-sv-listrup-niedersachsen\/-\/saison\/2122\/team-id\/011MIDNLNC000000VTVG0001VTR8C1K7#!\/\">https:\/\/www.fussball.de\/mannschaft\/sv-listrup-ii-sv-listrup-niedersachsen\/-\/saison\/2122\/team-id\/011MIDNLNC000000VTVG0001VTR8C1K7#!\/<\/a><br \/><br \/><\/p>\n<p><strong>Unsere 1. Herren<\/strong> hat die Adler aus <strong>Messingen<\/strong> in der Kreisliga Emsland zu Gast. Los geht\u00b4s wie immer <strong>um 15:00 Uhr<\/strong> auf dem Hauptplatz unseres sch\u00f6nen Waldstadions. Messingen ist mit 3 Punkten aus den ersten drei Spielen ganz okay in die Saison gestartet und entt\u00e4uschte nur am 1. Spieltag bei der Niederlage gegen L\u00fcnne. Seitdem sind einige Verletzte zur\u00fcck und das Team zeigte am letzten Wochenende gegen Thuine &amp; Lengerich top Leistungen. Im Kreispokal gabs am Mittwoch ein bitteres Ausscheiden im Elfmeterschie\u00dfen gegen Geeste, sodass unser SVL sicherlich auf einen angeschlagenen Gegner trifft.<br \/>Die Pieringer Elf ist hingegen gut drauf dieser Tage &#8211; die Urlauber Evers &amp; Schwis sind genauso wie der angeschlagene Th\u00fcni zur\u00fcck und beim 5:1 Heimsieg gegen Thuine am letzten Sonntag stimmten sowohl Einsatz als auch fu\u00dfballerische Klasse! <br \/>Nun soll am Sonntag auf heimischen Platz der n\u00e4chste Dreier eingefahren werden, wohlwissend das es gegen Messingen sicher kein Zuckerschlecken wird. Fast genau vor einem Jahr gab es den denkw\u00fcrdigen 4:3 Sieg, als Messingen erst mit riesigen Jubel in der 91. Minute das 3:3 erzielte und unsere Elf im Anschluss mit einer &#8222;Jetzt-erst-Recht-Mentalit\u00e4t&#8220; alles nach vorne warf und das 4:3 erzielte! Solche Spiele machen unseren SVL in den vergangen Jahren aus und locken Woche f\u00fcr Woche mehr als 100 Zuschauer ins Waldstadion&#8230; Man sieht sich also am Sonntag \ud83d\ude09<\/p>\n<p>Aktuelle Tabelle:<br \/><a href=\"https:\/\/www.fussball.de\/mannschaft\/sv-listrup-sv-listrup-niedersachsen\/-\/saison\/2122\/team-id\/011MIESHE8000000VTVG0001VTR8C1K7\">https:\/\/www.fussball.de\/mannschaft\/sv-listrup-sv-listrup-niedersachsen\/-\/saison\/2122\/team-id\/011MIESHE8000000VTVG0001VTR8C1K7<\/a><\/p>\n<p>\u00a0<\/p>\n<p>\u00a0<\/p>\n\n\n\n<figure class=\"wp-block-image size-large\"><img loading=\"lazy\" decoding=\"async\" width=\"756\" height=\"756\" src=\"https:\/\/www.sv-listrup.de\/wp-content\/uploads\/2021\/08\/Spielvoschau-SVL-2021-Messingen.png\" alt=\"\" class=\"wp-image-7196\" srcset=\"https:\/\/www.sv-listrup.de\/wp-content\/uploads\/2021\/08\/Spielvoschau-SVL-2021-Messingen.png 756w, https:\/\/www.sv-listrup.de\/wp-content\/uploads\/2021\/08\/Spielvoschau-SVL-2021-Messingen-300x300.png 300w, https:\/\/www.sv-listrup.de\/wp-content\/uploads\/2021\/08\/Spielvoschau-SVL-2021-Messingen-150x150.png 150w\" sizes=\"auto, (max-width: 756px) 100vw, 756px\" \/><\/figure>\n","protected":false},"excerpt":{"rendered":"<p>Beide Herrenmannschaften spielen am Sonntag im heimischen Waldstadion. Ansto\u00df bei unserer 2. Herren in der 2. Kreisklasse Emsland S\u00fcd ist um 13:00 Uhr, zu Gast ist die 1. Mannschaft von Victoria Gersten.Richtig angekommen ist unsere Zweite noch nicht in der Saison 2021\/2022. Null Punkte und 1:7 Tore sprechen eine deutliche Sprache &#8211; und dann kommt auch noch der Tabellenf\u00fchrer mit zwei Siegen und 11:4 Toren aus den ersten beiden Partien&#8230; Doch gerade in solch aussichtslosen Partien gab es in der Vergangenheit h\u00e4ufig \u00dcberraschungen unserer Zweiten, deshalb sollte sich auch Gersten auf einen hei\u00dfen Kampf gefasst machen \ud83d\ude09 Aktuelle Tabelle sowie weiterer Spielplan:https:\/\/www.fussball.de\/mannschaft\/sv-listrup-ii-sv-listrup-niedersachsen\/-\/saison\/2122\/team-id\/011MIDNLNC000000VTVG0001VTR8C1K7#!\/ Unsere 1. Herren hat die Adler aus Messingen in der Kreisliga Emsland zu Gast. Los geht\u00b4s wie immer um 15:00 Uhr auf dem Hauptplatz unseres sch\u00f6nen Waldstadions. Messingen ist mit 3 Punkten aus den ersten drei Spielen ganz okay in die Saison gestartet und entt\u00e4uschte nur am 1. Spieltag bei der Niederlage gegen L\u00fcnne. Seitdem sind einige Verletzte zur\u00fcck und das Team zeigte am letzten Wochenende gegen Thuine &amp; Lengerich top Leistungen. Im Kreispokal gabs am Mittwoch ein [&hellip;]<\/p>\n","protected":false},"author":7,"featured_media":7196,"comment_status":"open","ping_status":"open","sticky":false,"template":"","format":"standard","meta":{"footnotes":""},"categories":[11,10],"tags":[],"class_list":["post-7195","post","type-post","status-publish","format-standard","has-post-thumbnail","hentry","category-seniorenfussball-1-senioren","category-seniorenfussbal-2-senioren"],"_links":{"self":[{"href":"https:\/\/www.sv-listrup.de\/index.php?rest_route=\/wp\/v2\/posts\/7195","targetHints":{"allow":["GET"]}}],"collection":[{"href":"https:\/\/www.sv-listrup.de\/index.php?rest_route=\/wp\/v2\/posts"}],"about":[{"href":"https:\/\/www.sv-listrup.de\/index.php?rest_route=\/wp\/v2\/types\/post"}],"author":[{"embeddable":true,"href":"https:\/\/www.sv-listrup.de\/index.php?rest_route=\/wp\/v2\/users\/7"}],"replies":[{"embeddable":true,"href":"https:\/\/www.sv-listrup.de\/index.php?rest_route=%2Fwp%2Fv2%2Fcomments&post=7195"}],"version-history":[{"count":4,"href":"https:\/\/www.sv-listrup.de\/index.php?rest_route=\/wp\/v2\/posts\/7195\/revisions"}],"predecessor-version":[{"id":7204,"href":"https:\/\/www.sv-listrup.de\/index.php?rest_route=\/wp\/v2\/posts\/7195\/revisions\/7204"}],"wp:featuredmedia":[{"embeddable":true,"href":"https:\/\/www.sv-listrup.de\/index.php?rest_route=\/wp\/v2\/media\/7196"}],"wp:attachment":[{"href":"https:\/\/www.sv-listrup.de\/index.php?rest_route=%2Fwp%2Fv2%2Fmedia&parent=7195"}],"wp:term":[{"taxonomy":"category","embeddable":true,"href":"https:\/\/www.sv-listrup.de\/index.php?rest_route=%2Fwp%2Fv2%2Fcategories&post=7195"},{"taxonomy":"post_tag","embeddable":true,"href":"https:\/\/www.sv-listrup.de\/index.php?rest_route=%2Fwp%2Fv2%2Ftags&post=7195"}],"curies":[{"name":"wp","href":"https:\/\/api.w.org\/{rel}","templated":true}]}}