{"id":7255,"date":"2021-09-23T06:03:00","date_gmt":"2021-09-23T04:03:00","guid":{"rendered":"https:\/\/www.sv-listrup.de\/?p=7255"},"modified":"2021-09-23T08:04:19","modified_gmt":"2021-09-23T06:04:19","slug":"jsg-foerdertraining-ist-gestartet","status":"publish","type":"post","link":"https:\/\/www.sv-listrup.de\/?p=7255","title":{"rendered":"JSG-F\u00f6rdertraining ist gestartet!"},"content":{"rendered":"\n<div class=\"kvgmc6g5 cxmmr5t8 oygrvhab hcukyx3x c1et5uql ii04i59q\">\n<div>\u00a0<\/div>\n<div>\u00a0<\/div>\n<div>Insgesamt 19 Spieler der U17 und U15 der JSG nahmen ama 20.09.21 am ersten JSG-F\u00f6rdertraining dieser Saison teil.<\/div>\n<p>Begr\u00fc\u00dft wurden die Spieler von den Trainern Mike Sandmann (Torh\u00fcter) und Michael Sabel (Feldspieler) welche das F\u00f6rdertraining dieser Saison leiten.<\/p>\n<p>\u00a0<\/p>\n<\/div>\n<div class=\"o9v6fnle cxmmr5t8 oygrvhab hcukyx3x c1et5uql ii04i59q\">\n<div>Nach der kurzen Begr\u00fc\u00dfung durch die Trainer ging es direkt ins Training. Die Spieler zeigten sofort vollen Einsatz und hatten sichtlich Spa\u00df an der ersten Trainingseinheit.<\/div>\n<\/div>\n<div class=\"o9v6fnle cxmmr5t8 oygrvhab hcukyx3x c1et5uql ii04i59q\">\n<div>Das F\u00f6rdertraining dient als erg\u00e4nzende w\u00f6chentliche Einheit zum Training in den jeweiligen Mannschaften und wird seit Jahren sehr gut und zahlreich angenommen.<\/div>\n<\/div>\n<div class=\"o9v6fnle cxmmr5t8 oygrvhab hcukyx3x c1et5uql ii04i59q\">\n<div>Die Feldspieler werden hier speziell im Bereich Technik und Koordination gef\u00f6rdert.<\/div>\n<div>\u00a0<\/div>\n<\/div>\n<div class=\"o9v6fnle cxmmr5t8 oygrvhab hcukyx3x c1et5uql ii04i59q\">\n<div>Im Torh\u00fctertraining, bei dem auch die Torh\u00fcter und Torh\u00fcterinnen der U19 sowie der Damen teilnehmen, werden sowohl torh\u00fcterspezifische Inhalte als auch individuelle F\u00e4higkeiten trainiert.<\/div>\n<div>\u00a0<\/div>\n<div><a href=\"https:\/\/www.sv-listrup.de\/wp-content\/uploads\/2021\/09\/242459781_4759887427364361_8665333853961207233_n.jpg\"><img loading=\"lazy\" decoding=\"async\" class=\"aligncenter size-full wp-image-7256\" src=\"https:\/\/www.sv-listrup.de\/wp-content\/uploads\/2021\/09\/242459781_4759887427364361_8665333853961207233_n.jpg\" alt=\"\" width=\"597\" height=\"480\" srcset=\"https:\/\/www.sv-listrup.de\/wp-content\/uploads\/2021\/09\/242459781_4759887427364361_8665333853961207233_n.jpg 597w, https:\/\/www.sv-listrup.de\/wp-content\/uploads\/2021\/09\/242459781_4759887427364361_8665333853961207233_n-300x241.jpg 300w\" sizes=\"auto, (max-width: 597px) 100vw, 597px\" \/><\/a><\/div>\n<\/div>\n","protected":false},"excerpt":{"rendered":"<p>\u00a0 \u00a0 Insgesamt 19 Spieler der U17 und U15 der JSG nahmen ama 20.09.21 am ersten JSG-F\u00f6rdertraining dieser Saison teil. Begr\u00fc\u00dft wurden die Spieler von den Trainern Mike Sandmann (Torh\u00fcter) und Michael Sabel (Feldspieler) welche das F\u00f6rdertraining dieser Saison leiten. \u00a0 Nach der kurzen Begr\u00fc\u00dfung durch die Trainer ging es direkt ins Training. Die Spieler zeigten sofort vollen Einsatz und hatten sichtlich Spa\u00df an der ersten Trainingseinheit. Das F\u00f6rdertraining dient als erg\u00e4nzende w\u00f6chentliche Einheit zum Training in den jeweiligen Mannschaften und wird seit Jahren sehr gut und zahlreich angenommen. Die Feldspieler werden hier speziell im Bereich Technik und Koordination gef\u00f6rdert. \u00a0 Im Torh\u00fctertraining, bei dem auch die Torh\u00fcter und Torh\u00fcterinnen der U19 sowie der Damen teilnehmen, werden sowohl torh\u00fcterspezifische Inhalte als auch individuelle F\u00e4higkeiten trainiert. \u00a0<\/p>\n","protected":false},"author":7,"featured_media":7256,"comment_status":"open","ping_status":"open","sticky":false,"template":"","format":"standard","meta":{"footnotes":""},"categories":[1],"tags":[],"class_list":["post-7255","post","type-post","status-publish","format-standard","has-post-thumbnail","hentry","category-allgemein"],"_links":{"self":[{"href":"https:\/\/www.sv-listrup.de\/index.php?rest_route=\/wp\/v2\/posts\/7255","targetHints":{"allow":["GET"]}}],"collection":[{"href":"https:\/\/www.sv-listrup.de\/index.php?rest_route=\/wp\/v2\/posts"}],"about":[{"href":"https:\/\/www.sv-listrup.de\/index.php?rest_route=\/wp\/v2\/types\/post"}],"author":[{"embeddable":true,"href":"https:\/\/www.sv-listrup.de\/index.php?rest_route=\/wp\/v2\/users\/7"}],"replies":[{"embeddable":true,"href":"https:\/\/www.sv-listrup.de\/index.php?rest_route=%2Fwp%2Fv2%2Fcomments&post=7255"}],"version-history":[{"count":2,"href":"https:\/\/www.sv-listrup.de\/index.php?rest_route=\/wp\/v2\/posts\/7255\/revisions"}],"predecessor-version":[{"id":7258,"href":"https:\/\/www.sv-listrup.de\/index.php?rest_route=\/wp\/v2\/posts\/7255\/revisions\/7258"}],"wp:featuredmedia":[{"embeddable":true,"href":"https:\/\/www.sv-listrup.de\/index.php?rest_route=\/wp\/v2\/media\/7256"}],"wp:attachment":[{"href":"https:\/\/www.sv-listrup.de\/index.php?rest_route=%2Fwp%2Fv2%2Fmedia&parent=7255"}],"wp:term":[{"taxonomy":"category","embeddable":true,"href":"https:\/\/www.sv-listrup.de\/index.php?rest_route=%2Fwp%2Fv2%2Fcategories&post=7255"},{"taxonomy":"post_tag","embeddable":true,"href":"https:\/\/www.sv-listrup.de\/index.php?rest_route=%2Fwp%2Fv2%2Ftags&post=7255"}],"curies":[{"name":"wp","href":"https:\/\/api.w.org\/{rel}","templated":true}]}}