{"id":7800,"date":"2022-06-29T09:08:07","date_gmt":"2022-06-29T07:08:07","guid":{"rendered":"https:\/\/www.sv-listrup.de\/?p=7800"},"modified":"2022-06-29T10:26:07","modified_gmt":"2022-06-29T08:26:07","slug":"neubesetzungen-in-der-jsg","status":"publish","type":"post","link":"https:\/\/www.sv-listrup.de\/?p=7800","title":{"rendered":"Neubesetzungen in der JSG!"},"content":{"rendered":"\n<p><span style=\"color: initial;\">Welch eine Super-Saison unserer drei leistungsorientiert spielenden JSG-Teams! U19 und U17 belegten in ihren Bezirksliga-Staffeln die hervorragenden Pl\u00e4tze 2 und 3. Die U15 schaffte sogar den Sprung in die Landesliga! Auch die weiteren Teams schlugen sich gut, so steigt die C2 nun in die Kreisliga auf. Es war die sportlich gesehen erfolgreichste Saison der JSG-Geschichte!<\/span><\/p>\n<div>\u00a0<\/div>\n<div>Zur neuen Saison gibt es neben einiger Kontinuit\u00e4t auch ein paar Neubesetzungen bei den Trainern.<\/div>\n<div class=\"cxmmr5t8 oygrvhab hcukyx3x c1et5uql o9v6fnle ii04i59q\">\n<div>\u00a0<\/div>\n<\/div>\n<div class=\"cxmmr5t8 oygrvhab hcukyx3x c1et5uql o9v6fnle ii04i59q\">\n<div>So steht Uwe Lowak nach vier Jahren aus pers\u00f6nlichen Gr\u00fcnden nicht mehr f\u00fcr eine weitere Saison als Trainer der U19 zur Verf\u00fcgung. An dieser Stelle ein ganz herzlicher Dank an Uwe f\u00fcr seine ganz hervorragende Arbeit. Er hat etliche JSG-Spieler in den letzten Jahren auf den \u00dcbergang in den Seniorenbereich bestens vorbereitet.<\/div>\n<\/div>\n<div class=\"cxmmr5t8 oygrvhab hcukyx3x c1et5uql o9v6fnle ii04i59q\">\n<div>In seine Amtszeit f\u00e4llt der Wiederaufstieg in die Bezirksliga und nun die hervorragende Vize-Meisterschaft!<\/div>\n<div>\u00a0<\/div>\n<\/div>\n<div class=\"cxmmr5t8 oygrvhab hcukyx3x c1et5uql o9v6fnle ii04i59q\">\n<div>Zur kommenden Saison \u00fcbernimmt der bisherige Trainer der U15, R\u00fcdiger Gr\u00fcner, das Traineramt. Der JSG-Vorstand freut sich sehr mit B-Lizenz-Inhaber R\u00fcdiger Gr\u00fcner nicht nur ein echtes JSG-Urgestein, sondern auch einen sehr qualifizierten und erfahrenen Trainer f\u00fcr die U19 gewonnen zu haben.<\/div>\n<div>\u00a0<\/div>\n<\/div>\n<div class=\"cxmmr5t8 oygrvhab hcukyx3x c1et5uql o9v6fnle ii04i59q\">\n<div>Als \u201eCo\u201c steht weiterhin Enno Antons zur Verf\u00fcgung, der ebenfalls einen gro\u00dfen Anteil an der erfolgreichen Entwicklung der U19 in den letzten Jahren hat. Hinzu kommt Dieter Sterthaus als neuer Betreuer.<\/div>\n<div>\u00a0<\/div>\n<div>\u00a0<\/div>\n<div><em>\u00dcbernehmen unsere JSG-U19 zur neuen Saison: R\u00fcdiger Gr\u00fcner, Enno Antons und Dieter Sterthaus (von links).<\/em><\/div>\n<div>\u00a0<\/div>\n<\/div>\n<div class=\"cxmmr5t8 oygrvhab hcukyx3x c1et5uql o9v6fnle ii04i59q\">\n<div>Als Trainer der U17 k\u00f6nnen wir weiterhin auf Robert Wolbers z\u00e4hlen. Der B-Lizenz-Inhaber hat das Traineramt im vergangenen Sommer \u00fcbernommen und f\u00fchrte die Truppe auf einen sehr guten dritten Platz. Als Co-Trainer steht Robert auch kommende Saison Martin Hilvert zur Verf\u00fcgung.<\/div>\n<div>\u00a0<\/div>\n<div>\u00a0<\/div>\n<div><em>Bleiben im zweiten Jahr Trainer unserer JSG-U17: Robert Wolbers und Martin Hilvert (von links).<\/em><\/div>\n<div>\u00a0<\/div>\n<\/div>\n<div class=\"cxmmr5t8 oygrvhab hcukyx3x c1et5uql o9v6fnle ii04i59q\">\n<div>Bei der U15 gibt es nach dem Wechsel von R\u00fcdiger Gr\u00fcner zur U19 einen neuen Trainer. Hierf\u00fcr konnte der JSG-Vorstand Holger Buscher gewinnen. Holger trainiert aktuell die zweite Frauenmannschaft von Concordia Emsb\u00fcren und ist zudem derzeit noch aktiv im Jugendvorstand des SuS Neuenkirchen. Hier hat er auch schon als Trainer der dortigen U19 gearbeitet und freut sich nun auf die R\u00fcckkehr in den leistungsorientierten Jugendfu\u00dfball und die C-Jugend-Landesliga.<\/div>\n<div>\u00a0<\/div>\n<\/div>\n<div class=\"cxmmr5t8 oygrvhab hcukyx3x c1et5uql o9v6fnle ii04i59q\">\n<div>Die JSG ist derzeit noch auf der Suche nach einem Co-Trainer f\u00fcr die U15. Der bisherige \u201eCo\u201c Frank G\u00f6sse m\u00f6chte nach insgesamt 17j\u00e4hriger (!) T\u00e4tigkeit als Jugendtrainer f\u00fcr Concordia Emsb\u00fcren und die JSG eine wohlverdiente Pause machen. Auch an dieser Stelle ganz herzlichen Dank f\u00fcr Deine langj\u00e4hrige hervorragende ehrenamtliche Arbeit als Jugendtrainer, Frank!<\/div>\n<div>\u00a0<\/div>\n<div>\u00a0<\/div>\n<div><em>Holger Buscher (links) ist neuer Trainer der JSG-U15, Marco Th\u00fcnemann steht hier auch weiterhin als Betreuer zur Verf\u00fcgung.<\/em><\/div>\n<div>\u00a0<\/div>\n<\/div>\n<div class=\"cxmmr5t8 oygrvhab hcukyx3x c1et5uql o9v6fnle ii04i59q\">\n<div>Weiter zum JSG-Trainerteam wird Mannschaftsbetreuer Marco Th\u00fcnemann z\u00e4hlen. Marco geh\u00f6rt quasi zum &#8222;Inventar der JSG&#8220; und ist bereits seit weit \u00fcber 20 Jahren dabei!<\/div>\n<\/div>\n<div class=\"cxmmr5t8 oygrvhab hcukyx3x c1et5uql o9v6fnle ii04i59q\">\n<div>Auch in der kommenden Saison werden unsere unsere drei auf Bezirksebene spielenden JSG-Teams somit wieder mit sehr qualifizierten und engagierten Trainerteams den Start gehen!<\/div>\n<\/div>\n<p>\u00a0<\/p>\n<p>\u00a0<\/p>\n<p>\u00a0<\/p>\n\n\n\n\n","protected":false},"excerpt":{"rendered":"<p>Welch eine Super-Saison unserer drei leistungsorientiert spielenden JSG-Teams! U19 und U17 belegten in ihren Bezirksliga-Staffeln die hervorragenden Pl\u00e4tze 2 und 3. Die U15 schaffte sogar den Sprung in die Landesliga! Auch die weiteren Teams schlugen sich gut, so steigt die C2 nun in die Kreisliga auf. Es war die sportlich gesehen erfolgreichste Saison der JSG-Geschichte! \u00a0 Zur neuen Saison gibt es neben einiger Kontinuit\u00e4t auch ein paar Neubesetzungen bei den Trainern. \u00a0 So steht Uwe Lowak nach vier Jahren aus pers\u00f6nlichen Gr\u00fcnden nicht mehr f\u00fcr eine weitere Saison als Trainer der U19 zur Verf\u00fcgung. An dieser Stelle ein ganz herzlicher Dank an Uwe f\u00fcr seine ganz hervorragende Arbeit. Er hat etliche JSG-Spieler in den letzten Jahren auf den \u00dcbergang in den Seniorenbereich bestens vorbereitet. In seine Amtszeit f\u00e4llt der Wiederaufstieg in die Bezirksliga und nun die hervorragende Vize-Meisterschaft! \u00a0 Zur kommenden Saison \u00fcbernimmt der bisherige Trainer der U15, R\u00fcdiger Gr\u00fcner, das Traineramt. Der JSG-Vorstand freut sich sehr mit B-Lizenz-Inhaber R\u00fcdiger Gr\u00fcner nicht nur ein echtes JSG-Urgestein, sondern auch einen sehr qualifizierten und erfahrenen Trainer f\u00fcr die U19 gewonnen zu haben. [&hellip;]<\/p>\n","protected":false},"author":7,"featured_media":7803,"comment_status":"open","ping_status":"open","sticky":false,"template":"","format":"standard","meta":{"footnotes":""},"categories":[42],"tags":[],"class_list":["post-7800","post","type-post","status-publish","format-standard","has-post-thumbnail","hentry","category-jsg"],"_links":{"self":[{"href":"https:\/\/www.sv-listrup.de\/index.php?rest_route=\/wp\/v2\/posts\/7800","targetHints":{"allow":["GET"]}}],"collection":[{"href":"https:\/\/www.sv-listrup.de\/index.php?rest_route=\/wp\/v2\/posts"}],"about":[{"href":"https:\/\/www.sv-listrup.de\/index.php?rest_route=\/wp\/v2\/types\/post"}],"author":[{"embeddable":true,"href":"https:\/\/www.sv-listrup.de\/index.php?rest_route=\/wp\/v2\/users\/7"}],"replies":[{"embeddable":true,"href":"https:\/\/www.sv-listrup.de\/index.php?rest_route=%2Fwp%2Fv2%2Fcomments&post=7800"}],"version-history":[{"count":2,"href":"https:\/\/www.sv-listrup.de\/index.php?rest_route=\/wp\/v2\/posts\/7800\/revisions"}],"predecessor-version":[{"id":7805,"href":"https:\/\/www.sv-listrup.de\/index.php?rest_route=\/wp\/v2\/posts\/7800\/revisions\/7805"}],"wp:featuredmedia":[{"embeddable":true,"href":"https:\/\/www.sv-listrup.de\/index.php?rest_route=\/wp\/v2\/media\/7803"}],"wp:attachment":[{"href":"https:\/\/www.sv-listrup.de\/index.php?rest_route=%2Fwp%2Fv2%2Fmedia&parent=7800"}],"wp:term":[{"taxonomy":"category","embeddable":true,"href":"https:\/\/www.sv-listrup.de\/index.php?rest_route=%2Fwp%2Fv2%2Fcategories&post=7800"},{"taxonomy":"post_tag","embeddable":true,"href":"https:\/\/www.sv-listrup.de\/index.php?rest_route=%2Fwp%2Fv2%2Ftags&post=7800"}],"curies":[{"name":"wp","href":"https:\/\/api.w.org\/{rel}","templated":true}]}}