{"id":9024,"date":"2024-10-31T12:22:12","date_gmt":"2024-10-31T11:22:12","guid":{"rendered":"https:\/\/www.sv-listrup.de\/?p=9024"},"modified":"2024-10-31T12:24:09","modified_gmt":"2024-10-31T11:24:09","slug":"jonas-berger-dfb-ehrenamtssieger-2024","status":"publish","type":"post","link":"https:\/\/www.sv-listrup.de\/?p=9024","title":{"rendered":"Jonas Berger DFB-Ehrenamtssieger 2024"},"content":{"rendered":"\n<p>Am Montag, dem 28.10.2024, ist unser 3. Vorsitzender Jonas Berger in S\u00f6gel im Beisein unseres Landrates Marc-Andre Burgdorf durch den NFV Kreis Emsland als DFB-Ehrenamtssieger 2024 ausgezeichnet worden. Damit ist das herausragende ehrenamtliche Engagement von Jonas in den letzten Jahren gew\u00fcrdigt worden.\u00a0<\/p>\n<p>Dieses Engagement begann vor vielen Jahren zun\u00e4chst mit einer T\u00e4tigkeit als Jugendbetreuer. Seit 2013 ist Jonas als Jugendobmann (bis 2018) bereits Mitglied des Vorstandes. Von 2018 bis 2022 war er Pressewart, Webmaster und Social-Media-Beauftragter. Seit 2022 ist er nun 3. Vorsitzender des SVL. Mit einigen Projekten hat er sich in letzter Zeit besondere Verdienste und Anerkennung erworben. So hat er im Winter 2022\/2023 f\u00fcr den Einbau einer K\u00fchlzelle am Sportplatz gesorgt. Hierf\u00fcr hat er eigenst\u00e4ndig einen Sponsor gefunden, der die Anschaffungskosten vollst\u00e4ndig \u00fcbernommen hat. Den Einbau der K\u00fchlzelle in einen freien Raum im Sportplatzgeb\u00e4ude (ehemalige Herren-Toilette) hat Jonas mit der Unterst\u00fctzung weiterer Helfer selbst vorgenommen. Mit der K\u00fchlzelle haben wir nun ausreichend Platz zur K\u00fchlung von Speisen und Getr\u00e4nken und die Handhabung ist deutlich komfortabler als vorher.\u00a0<\/p>\n<p>Im Winter 2023\/2024 hat Jonas sich federf\u00fchrend um die Renovierung des Clubraumes gek\u00fcmmert. Er hat einen F\u00f6rderantrag bei der Toto-Lotto-Stiftung gestellt, welche die F\u00f6rdermittel bewilligte, mit denen die H\u00e4lfte der Kosten gedeckt waren. Es wurde ein neuer Fu\u00dfboden verlegt, ein neuer Anstrich angebracht, neues Mobiliar und eine neue Technik angeschafft. Dadurch die der Raum ganz erheblich aufgewertet und wird von den Mannschaften und Gruppen wieder sehr gerne genutzt. Die Renovierungsarbeiten wurden von Jonas und weiteren Helfern selbst ausgef\u00fchrt. Auch um die Gestaltung des Raumes hat sich Jonas haupts\u00e4chlich selbst gek\u00fcmmert.\u00a0<\/p>\n<p>Daneben befasst er sich seit 2018 mit der Pflege der Vereinshomepage und der Social-Media-Kan\u00e4le (Facebook, Instagram, WhatsApp) des Vereins. Er hat weiterhin daf\u00fcr gesorgt, dass es bereits seit einigen Jahren eine Vereinskollektion gibt und k\u00fcmmert sich um die Beschaffung und den Verkauf diverser Merchandise-Artikel. Er organisiert Arbeitseins\u00e4tze mit und ist \u00fcberall da zu finden, wo eine helfende Hand gebraucht wird.\u00a0<\/p>\n<p>Zu guter Letzt stand dann im Juni dieses Jahres das 75-j\u00e4hrige Vereinsjubil\u00e4um des SV Listrup an. F\u00fcr die Fertigung einer Vereinschronik wurde bereits zwei Jahre zuvor eine &#8222;Arbeitsgruppe Chronik&#8220; und ein Organisationskomitee zur Planung des Festwochenendes ins Leben gerufen. In beiden Teams war Jonas \u00e4u\u00dferst engagiert und ist ein wichtiges Zugpferd gewesen. Wer sich im Zuge eines Jubil\u00e4ums schon einmal um diese Dinge gek\u00fcmmert hat, der wei\u00df, was f\u00fcr ein Aufwand das ist.\u00a0<\/p>\n<p>F\u00fcr dieses herausragende und au\u00dfergew\u00f6hnliche Engagement ist Jonas nun als DFB-Ehrenamtssieger 2024 ausgezeichnet worden. Jonas, herzlichen Gl\u00fcckwunsch!! Du hast es absolut verdient!!<\/p>\n<p>\u00a0<\/p>\n\n\n\n<figure class=\"wp-block-image size-large\"><a href=\"https:\/\/www.sv-listrup.de\/wp-content\/uploads\/2024\/10\/VideoCapture_20241028-224650.jpg\"><img loading=\"lazy\" decoding=\"async\" width=\"1024\" height=\"576\" src=\"https:\/\/www.sv-listrup.de\/wp-content\/uploads\/2024\/10\/VideoCapture_20241028-224650-1024x576.jpg\" alt=\"\" class=\"wp-image-9027\" srcset=\"https:\/\/www.sv-listrup.de\/wp-content\/uploads\/2024\/10\/VideoCapture_20241028-224650-1024x576.jpg 1024w, https:\/\/www.sv-listrup.de\/wp-content\/uploads\/2024\/10\/VideoCapture_20241028-224650-300x169.jpg 300w, https:\/\/www.sv-listrup.de\/wp-content\/uploads\/2024\/10\/VideoCapture_20241028-224650-768x432.jpg 768w, https:\/\/www.sv-listrup.de\/wp-content\/uploads\/2024\/10\/VideoCapture_20241028-224650-1536x864.jpg 1536w, https:\/\/www.sv-listrup.de\/wp-content\/uploads\/2024\/10\/VideoCapture_20241028-224650.jpg 1920w\" sizes=\"auto, (max-width: 1024px) 100vw, 1024px\" \/><\/a><\/figure>\n\n\n\n<figure class=\"wp-block-image size-large\"><a href=\"https:\/\/www.sv-listrup.de\/wp-content\/uploads\/2024\/10\/20241028_202003.jpg\"><img loading=\"lazy\" decoding=\"async\" width=\"1024\" height=\"867\" src=\"https:\/\/www.sv-listrup.de\/wp-content\/uploads\/2024\/10\/20241028_202003-1024x867.jpg\" alt=\"\" class=\"wp-image-9025\" srcset=\"https:\/\/www.sv-listrup.de\/wp-content\/uploads\/2024\/10\/20241028_202003-1024x867.jpg 1024w, https:\/\/www.sv-listrup.de\/wp-content\/uploads\/2024\/10\/20241028_202003-300x254.jpg 300w, https:\/\/www.sv-listrup.de\/wp-content\/uploads\/2024\/10\/20241028_202003-768x650.jpg 768w, https:\/\/www.sv-listrup.de\/wp-content\/uploads\/2024\/10\/20241028_202003-1536x1300.jpg 1536w, https:\/\/www.sv-listrup.de\/wp-content\/uploads\/2024\/10\/20241028_202003.jpg 1928w\" sizes=\"auto, (max-width: 1024px) 100vw, 1024px\" \/><\/a><\/figure>\n\n\n\n<figure class=\"wp-block-image size-large\"><a href=\"https:\/\/www.sv-listrup.de\/wp-content\/uploads\/2024\/10\/20241028_202025-rotated.jpg\"><img loading=\"lazy\" decoding=\"async\" width=\"1027\" height=\"1370\" src=\"https:\/\/www.sv-listrup.de\/wp-content\/uploads\/2024\/10\/20241028_202025-edited-rotated.jpg\" alt=\"\" class=\"wp-image-9028\" srcset=\"https:\/\/www.sv-listrup.de\/wp-content\/uploads\/2024\/10\/20241028_202025-edited-rotated.jpg 1027w, https:\/\/www.sv-listrup.de\/wp-content\/uploads\/2024\/10\/20241028_202025-edited-225x300.jpg 225w, https:\/\/www.sv-listrup.de\/wp-content\/uploads\/2024\/10\/20241028_202025-edited-768x1024.jpg 768w\" sizes=\"auto, (max-width: 1027px) 100vw, 1027px\" \/><\/a><\/figure>\n","protected":false},"excerpt":{"rendered":"<p>Am Montag, dem 28.10.2024, ist unser 3. Vorsitzender Jonas Berger in S\u00f6gel im Beisein unseres Landrates Marc-Andre Burgdorf durch den NFV Kreis Emsland als DFB-Ehrenamtssieger 2024 ausgezeichnet worden. Damit ist das herausragende ehrenamtliche Engagement von Jonas in den letzten Jahren gew\u00fcrdigt worden.\u00a0 Dieses Engagement begann vor vielen Jahren zun\u00e4chst mit einer T\u00e4tigkeit als Jugendbetreuer. Seit 2013 ist Jonas als Jugendobmann (bis 2018) bereits Mitglied des Vorstandes. Von 2018 bis 2022 war er Pressewart, Webmaster und Social-Media-Beauftragter. Seit 2022 ist er nun 3. Vorsitzender des SVL. Mit einigen Projekten hat er sich in letzter Zeit besondere Verdienste und Anerkennung erworben. So hat er im Winter 2022\/2023 f\u00fcr den Einbau einer K\u00fchlzelle am Sportplatz gesorgt. Hierf\u00fcr hat er eigenst\u00e4ndig einen Sponsor gefunden, der die Anschaffungskosten vollst\u00e4ndig \u00fcbernommen hat. Den Einbau der K\u00fchlzelle in einen freien Raum im Sportplatzgeb\u00e4ude (ehemalige Herren-Toilette) hat Jonas mit der Unterst\u00fctzung weiterer Helfer selbst vorgenommen. Mit der K\u00fchlzelle haben wir nun ausreichend Platz zur K\u00fchlung von Speisen und Getr\u00e4nken und die Handhabung ist deutlich komfortabler als vorher.\u00a0 Im Winter 2023\/2024 hat Jonas sich federf\u00fchrend um die Renovierung des [&hellip;]<\/p>\n","protected":false},"author":4,"featured_media":9028,"comment_status":"open","ping_status":"open","sticky":false,"template":"","format":"standard","meta":{"footnotes":""},"categories":[1],"tags":[],"class_list":["post-9024","post","type-post","status-publish","format-standard","has-post-thumbnail","hentry","category-allgemein"],"_links":{"self":[{"href":"https:\/\/www.sv-listrup.de\/index.php?rest_route=\/wp\/v2\/posts\/9024","targetHints":{"allow":["GET"]}}],"collection":[{"href":"https:\/\/www.sv-listrup.de\/index.php?rest_route=\/wp\/v2\/posts"}],"about":[{"href":"https:\/\/www.sv-listrup.de\/index.php?rest_route=\/wp\/v2\/types\/post"}],"author":[{"embeddable":true,"href":"https:\/\/www.sv-listrup.de\/index.php?rest_route=\/wp\/v2\/users\/4"}],"replies":[{"embeddable":true,"href":"https:\/\/www.sv-listrup.de\/index.php?rest_route=%2Fwp%2Fv2%2Fcomments&post=9024"}],"version-history":[{"count":3,"href":"https:\/\/www.sv-listrup.de\/index.php?rest_route=\/wp\/v2\/posts\/9024\/revisions"}],"predecessor-version":[{"id":9031,"href":"https:\/\/www.sv-listrup.de\/index.php?rest_route=\/wp\/v2\/posts\/9024\/revisions\/9031"}],"wp:featuredmedia":[{"embeddable":true,"href":"https:\/\/www.sv-listrup.de\/index.php?rest_route=\/wp\/v2\/media\/9028"}],"wp:attachment":[{"href":"https:\/\/www.sv-listrup.de\/index.php?rest_route=%2Fwp%2Fv2%2Fmedia&parent=9024"}],"wp:term":[{"taxonomy":"category","embeddable":true,"href":"https:\/\/www.sv-listrup.de\/index.php?rest_route=%2Fwp%2Fv2%2Fcategories&post=9024"},{"taxonomy":"post_tag","embeddable":true,"href":"https:\/\/www.sv-listrup.de\/index.php?rest_route=%2Fwp%2Fv2%2Ftags&post=9024"}],"curies":[{"name":"wp","href":"https:\/\/api.w.org\/{rel}","templated":true}]}}