{"id":9069,"date":"2025-01-15T17:52:56","date_gmt":"2025-01-15T16:52:56","guid":{"rendered":"https:\/\/www.sv-listrup.de\/?p=9069"},"modified":"2025-01-17T13:06:10","modified_gmt":"2025-01-17T12:06:10","slug":"fussballobmaenner-hindricks-huelsing-freuen-sich-ueber-zahlreiche-vertragsverlaengerungen-bei-den-trainern-betreuern","status":"publish","type":"post","link":"https:\/\/www.sv-listrup.de\/?p=9069","title":{"rendered":"Fu\u00dfballobm\u00e4nner Hindricks &#038; H\u00fclsing freuen sich \u00fcber zahlreiche Vertragsverl\u00e4ngerungen bei den Trainern &#038; Betreuern!"},"content":{"rendered":"\n<p>Vertragsverl\u00e4ngerung \u270d\ufe0f\u2705<\/p>\n<p>Die Winterpause neigt sich so langsam dem Ende zu und wir blicken gespannt in das Fu\u00dfballjahr 2025 \ud83e\udd73\ud83d\ude4f\ud83c\udffc.<br \/>F\u00fcr unsere Fu\u00dfballobm\u00e4nner Gerrit Hindricks und H\u00e4nny H\u00fclsing standen im Winter einige Gespr\u00e4che an, damit unser Verein auch in der kommenden Saison so erfolgreich weitermachen kann.<br \/>Die erste Verl\u00e4ngerung d\u00fcrfen wir hier verk\u00fcnden: Auch in der Saison 2025\/2026 stehen Manu Berger (Trainer) und Markus Freye (Co-Trainer) an der Seitenlinie unserer 2. Herrenmannschaft\u270c\ufe0f\ud83d\ude4f\ud83c\udffc<\/p>\n<p>Aktuell steht das Team auf Rang 9 der 2. Kreisklasse und damit weit weg von den Abstiegsr\u00e4ngen \ud83d\udcaa\ud83c\udffb<br \/>Die R\u00fcckrunde startet stand jetzt am Sonntag, den 09. M\u00e4rz ausw\u00e4rts bei Laxten III \u26bd\ufe0f<\/p>\n<p>\u00a0<\/p>\n\n\n\n<figure class=\"wp-block-image size-large\"><a href=\"https:\/\/www.sv-listrup.de\/wp-content\/uploads\/2025\/01\/85C3D960-6709-4E3D-84BF-D9BBF6A8978E.jpeg\"><img loading=\"lazy\" decoding=\"async\" width=\"1024\" height=\"1024\" src=\"https:\/\/www.sv-listrup.de\/wp-content\/uploads\/2025\/01\/85C3D960-6709-4E3D-84BF-D9BBF6A8978E-1024x1024.jpeg\" alt=\"\" class=\"wp-image-9072\" srcset=\"https:\/\/www.sv-listrup.de\/wp-content\/uploads\/2025\/01\/85C3D960-6709-4E3D-84BF-D9BBF6A8978E-1024x1024.jpeg 1024w, https:\/\/www.sv-listrup.de\/wp-content\/uploads\/2025\/01\/85C3D960-6709-4E3D-84BF-D9BBF6A8978E-300x300.jpeg 300w, https:\/\/www.sv-listrup.de\/wp-content\/uploads\/2025\/01\/85C3D960-6709-4E3D-84BF-D9BBF6A8978E-150x150.jpeg 150w, https:\/\/www.sv-listrup.de\/wp-content\/uploads\/2025\/01\/85C3D960-6709-4E3D-84BF-D9BBF6A8978E-768x768.jpeg 768w, https:\/\/www.sv-listrup.de\/wp-content\/uploads\/2025\/01\/85C3D960-6709-4E3D-84BF-D9BBF6A8978E-1536x1536.jpeg 1536w, https:\/\/www.sv-listrup.de\/wp-content\/uploads\/2025\/01\/85C3D960-6709-4E3D-84BF-D9BBF6A8978E.jpeg 2048w\" sizes=\"auto, (max-width: 1024px) 100vw, 1024px\" \/><\/a><\/figure>\n\n\n\n<p>_________________________________________<br \/>2.Damen \u201eUns Uwe\u201c bleibt\ud83d\udd8b\ufe0f\ud83d\udcc4\u26bd\ufe0f<\/p>\n<p>Eine Vertragsverl\u00e4ngerung bei den 5 Seniorenteams fehlt noch: Auch Uwe Vogt hat f\u00fcr die Saison 2025\/2026 zugesagt und bleibt unserer 2. Damenmannschaft erhalten. Uwe ist schon ein echtes Listruper Trainer-Urgestein und ist wie der ber\u00fchmte Uwe Seeler fr\u00fcher beim HSV (\u201eUns Uwe\u201c\ud83d\ude09) auch \u00fcberall im Verein \u00e4u\u00dferst beliebt.<br \/>Mit seiner Vertragsverl\u00e4ngerung geht er bereits in die 3. Saison mit dem Team aus der 1. Kreisklasse und bleibt dem Verein nach seiner jahrelangen T\u00e4tigkeit als B- &amp; A-Jugend Trainer erneut lange in einer Position erhalten \ud83e\udd73\ud83d\udc4f\ud83c\udffb<\/p>\n<p>F\u00fcr unsere beiden Fu\u00dfballobm\u00e4nner eine der wichtigsten Verl\u00e4ngerungen, beide sind froh, Uwe auch (mindestens) im kommenden Jahr als Coach dabei zu haben \ud83d\ude4f\ud83c\udffc<\/p>\n\n\n\n<p>\u00a0<\/p>\n<p><a style=\"pointer-events: none;\" href=\"https:\/\/www.sv-listrup.de\/wp-content\/uploads\/2025\/01\/IMG_3857.jpeg\"><img loading=\"lazy\" decoding=\"async\" class=\"aligncenter size-full wp-image-9070\" src=\"https:\/\/www.sv-listrup.de\/wp-content\/uploads\/2025\/01\/IMG_3857.jpeg\" alt=\"\" width=\"1024\" height=\"768\" srcset=\"https:\/\/www.sv-listrup.de\/wp-content\/uploads\/2025\/01\/IMG_3857.jpeg 1024w, https:\/\/www.sv-listrup.de\/wp-content\/uploads\/2025\/01\/IMG_3857-300x225.jpeg 300w, https:\/\/www.sv-listrup.de\/wp-content\/uploads\/2025\/01\/IMG_3857-768x576.jpeg 768w\" sizes=\"auto, (max-width: 1024px) 100vw, 1024px\" \/><\/a><\/p>\n<p>________________________________________________<br \/>1. Damen: Trainer Hendrik B\u00fcltel und Betreuerstab verl\u00e4ngern ebenfalls \ud83d\udcaa\ud83c\udffb\u2705\u270d\ufe0f<\/p>\n<p>Sehr gl\u00fccklich \u00fcber die Vertragsverl\u00e4ngerungen bei unseren Bezirksligadamen zeigten sich unsere Fu\u00dfballobm\u00e4nner Gerrit Hindricks und H\u00e4nny H\u00fclsing.<br \/>Coach Hendrik \u201eGoldi\u201c bleibt dem Team erhalten und will trotz komplizierter Hinrunde (zahlreiche Ausf\u00e4lle und Rang 10) nicht nur in der R\u00fcckrunde angreifen, sondern auch in der kommenden Saison 2025\/2026 \ud83e\udd73\ud83d\udc4f\ud83c\udffb<br \/>Neben Goldi haben auch die Betreuerinnen Karin, Tina und Caro zugesagt und unterst\u00fctzen ihn weiterhin tatkr\u00e4ftig bei den Spielen und Trainingseinheiten. <br \/>Der Auftakt f\u00fcr die R\u00fcckrunde ist f\u00fcr den 15. M\u00e4rz angesetzt, ausw\u00e4rts um 16:00 Uhr geht es hier zur SG Lohne\/Wietmarschen. \u26bd\ufe0f<\/p>\n<p><br \/><a style=\"pointer-events: none;\" href=\"https:\/\/www.sv-listrup.de\/wp-content\/uploads\/2025\/01\/IMG_3839.jpeg\">______________________<img loading=\"lazy\" decoding=\"async\" class=\"aligncenter size-full wp-image-9071\" src=\"https:\/\/www.sv-listrup.de\/wp-content\/uploads\/2025\/01\/IMG_3839.jpeg\" alt=\"\" width=\"1170\" height=\"1270\" srcset=\"https:\/\/www.sv-listrup.de\/wp-content\/uploads\/2025\/01\/IMG_3839.jpeg 1170w, https:\/\/www.sv-listrup.de\/wp-content\/uploads\/2025\/01\/IMG_3839-276x300.jpeg 276w, https:\/\/www.sv-listrup.de\/wp-content\/uploads\/2025\/01\/IMG_3839-943x1024.jpeg 943w, https:\/\/www.sv-listrup.de\/wp-content\/uploads\/2025\/01\/IMG_3839-768x834.jpeg 768w\" sizes=\"auto, (max-width: 1170px) 100vw, 1170px\" \/><\/a><\/p>\n<p>_______________________________________________<\/p>\n<p>\u2705 Vertragsverl\u00e4ngerung Coaches 3. Herren \u270d\ufe0f<\/p>\n<p>Unsere 3. Herrenmannschaft darf sich \u00fcber die Verl\u00e4ngerung seiner beiden Coaches freuen: Christian Buiker und Christoph R\u00f6ttger haben bereits ihre Zusage f\u00fcr die neue Saison gegeben \ud83d\udc4f\ud83c\udffb<\/p>\n<p>Die Dritte des SVL steht aktuell auf Rang 7 der 3. Kreisklasse Emsland S\u00fcd mit 14 Punkten aus 12 Spielen. Die beiden Coaches sorgen auch in diesem Jahr f\u00fcr gute Beteiligung bei den Trainingseinheiten und den Spielen, weshalb sich der Verein sehr \u00fcber die Verl\u00e4ngerung freut \ud83d\udcaa\ud83c\udffb<\/p>\n<p>\u00a0<\/p>\n<p><a style=\"pointer-events: none;\" href=\"https:\/\/www.sv-listrup.de\/wp-content\/uploads\/2025\/01\/f4c3c187-69a3-4ff8-bebb-a164447e5e92.jpeg\"><img loading=\"lazy\" decoding=\"async\" class=\"aligncenter size-full wp-image-9073\" src=\"https:\/\/www.sv-listrup.de\/wp-content\/uploads\/2025\/01\/f4c3c187-69a3-4ff8-bebb-a164447e5e92.jpeg\" alt=\"\" width=\"1296\" height=\"972\" srcset=\"https:\/\/www.sv-listrup.de\/wp-content\/uploads\/2025\/01\/f4c3c187-69a3-4ff8-bebb-a164447e5e92.jpeg 1296w, https:\/\/www.sv-listrup.de\/wp-content\/uploads\/2025\/01\/f4c3c187-69a3-4ff8-bebb-a164447e5e92-300x225.jpeg 300w, https:\/\/www.sv-listrup.de\/wp-content\/uploads\/2025\/01\/f4c3c187-69a3-4ff8-bebb-a164447e5e92-1024x768.jpeg 1024w, https:\/\/www.sv-listrup.de\/wp-content\/uploads\/2025\/01\/f4c3c187-69a3-4ff8-bebb-a164447e5e92-768x576.jpeg 768w\" sizes=\"auto, (max-width: 1296px) 100vw, 1296px\" \/><\/a><br \/><br \/><\/p>\n<p>\u00a0<\/p>\n<p>__________________________________________________________________<\/p>\n<p class=\"content_artikel_head\">\/\/1. Herren: Coach Matthias \u201eAlbat\u201c R\u00f6ttering verl\u00e4ngert seinen Vertrag!<\/p>\n<div id=\"meta\">\n<p class=\"content_artikel_sub\">erstellt am: 30.11.2024 |<\/p>\n<p class=\"content_artikel_sub\"><img loading=\"lazy\" decoding=\"async\" class=\"artikelbild wp-post-image\" style=\"color: initial;\" src=\"https:\/\/www.sv-listrup.de\/wp-content\/uploads\/2024\/11\/Screenshot-2024-11-29-130550.png\" sizes=\"auto, (max-width: 211px) 100vw, 211px\" srcset=\"https:\/\/www.sv-listrup.de\/wp-content\/uploads\/2024\/11\/Screenshot-2024-11-29-130550.png 718w, https:\/\/www.sv-listrup.de\/wp-content\/uploads\/2024\/11\/Screenshot-2024-11-29-130550-254x300.png 254w\" alt=\"\" width=\"211\" height=\"250\" \/><\/p>\n<\/div>\n<div class=\"entry\">\n<p>Als logische Konsequenz einer erfolgreichen Hinrunde und einer tollen Entwicklung unserer Ersten in den letzten 1,5 Jahre einigen sich der SVL in Person unserer Fu\u00dfballobm\u00e4nner Gerrit Hindricks und H\u00e4nny H\u00fclsing mit dem Trainer unserer 1. Herren Albat R\u00f6ttering auf eine Vertragsverl\u00e4ngerung um eine weitere Saison.<\/p>\n<p>Die sportliche Leitung zeigt sich sehr erfreut dar\u00fcber, einen so gut ausgebildeten Trainer in den eigenen Reihen zu haben und dadurch endlich wieder Kontinuit\u00e4t auf der Trainerposition zu wissen. Nach der \u00e4u\u00dferst erfolgreichen Hinrunde in der Emslandliga (Rang 2) ist das Team noch nicht am Ende seiner Entwicklung und harmoniert mit dem Trainer weiterhin sehr gut.\u00a0<br \/>In seinem 2. Jahr gelang es Albat die fu\u00dfballerischen Ans\u00e4tze der Ersten weiterzuentwickeln und auch ausw\u00e4rts mehr Punkte zu sammeln. Nicht nur die Tabelle kann sich sehen lassen, so zeigt sich auch der Fu\u00dfball in den vergangenen Jahren wieder stark verbessert und lockt wieder mehr Zuschauer an den Spielfeldrand.<br \/>Auch wer sein Engagement neben dem Platz f\u00fcr den SVL kennt, wird sich sehr \u00fcber die Verl\u00e4ngerung freuen und wei\u00df um seine Verdienste. Auch f\u00fcr Albat war die Verl\u00e4ngerung eine logische Schlussfolgerung und beide Parteien wurden sich schnell einig.<\/p>\n<p><br \/>Der \u201eListruper Weg\u201c ist hier noch nicht am Ende und so freuen wir uns gemeinsam auf (mindestens) weitere 1,5 Jahre erfolgreiche Zusammenarbeit mit Albat!<\/p>\n<p>\u00a0<\/p>\n<\/div>\n<p>\u00a0<\/p>\n<p>\u00a0<\/p>\n<p>\u00a0<\/p>\n<p>\u00a0<\/p>\n\n\n","protected":false},"excerpt":{"rendered":"<p>Vertragsverl\u00e4ngerung \u270d\ufe0f\u2705 Die Winterpause neigt sich so langsam dem Ende zu und wir blicken gespannt in das Fu\u00dfballjahr 2025 \ud83e\udd73\ud83d\ude4f\ud83c\udffc.F\u00fcr unsere Fu\u00dfballobm\u00e4nner Gerrit Hindricks und H\u00e4nny H\u00fclsing standen im Winter einige Gespr\u00e4che an, damit unser Verein auch in der kommenden Saison so erfolgreich weitermachen kann.Die erste Verl\u00e4ngerung d\u00fcrfen wir hier verk\u00fcnden: Auch in der Saison 2025\/2026 stehen Manu Berger (Trainer) und Markus Freye (Co-Trainer) an der Seitenlinie unserer 2. Herrenmannschaft\u270c\ufe0f\ud83d\ude4f\ud83c\udffc Aktuell steht das Team auf Rang 9 der 2. Kreisklasse und damit weit weg von den Abstiegsr\u00e4ngen \ud83d\udcaa\ud83c\udffbDie R\u00fcckrunde startet stand jetzt am Sonntag, den 09. M\u00e4rz ausw\u00e4rts bei Laxten III \u26bd\ufe0f \u00a0 _________________________________________2.Damen \u201eUns Uwe\u201c bleibt\ud83d\udd8b\ufe0f\ud83d\udcc4\u26bd\ufe0f Eine Vertragsverl\u00e4ngerung bei den 5 Seniorenteams fehlt noch: Auch Uwe Vogt hat f\u00fcr die Saison 2025\/2026 zugesagt und bleibt unserer 2. Damenmannschaft erhalten. Uwe ist schon ein echtes Listruper Trainer-Urgestein und ist wie der ber\u00fchmte Uwe Seeler fr\u00fcher beim HSV (\u201eUns Uwe\u201c\ud83d\ude09) auch \u00fcberall im Verein \u00e4u\u00dferst beliebt.Mit seiner Vertragsverl\u00e4ngerung geht er bereits in die 3. Saison mit dem Team aus der 1. Kreisklasse und bleibt dem Verein nach seiner jahrelangen T\u00e4tigkeit als [&hellip;]<\/p>\n","protected":false},"author":7,"featured_media":9071,"comment_status":"open","ping_status":"open","sticky":false,"template":"","format":"standard","meta":{"footnotes":""},"categories":[1],"tags":[],"class_list":["post-9069","post","type-post","status-publish","format-standard","has-post-thumbnail","hentry","category-allgemein"],"_links":{"self":[{"href":"https:\/\/www.sv-listrup.de\/index.php?rest_route=\/wp\/v2\/posts\/9069","targetHints":{"allow":["GET"]}}],"collection":[{"href":"https:\/\/www.sv-listrup.de\/index.php?rest_route=\/wp\/v2\/posts"}],"about":[{"href":"https:\/\/www.sv-listrup.de\/index.php?rest_route=\/wp\/v2\/types\/post"}],"author":[{"embeddable":true,"href":"https:\/\/www.sv-listrup.de\/index.php?rest_route=\/wp\/v2\/users\/7"}],"replies":[{"embeddable":true,"href":"https:\/\/www.sv-listrup.de\/index.php?rest_route=%2Fwp%2Fv2%2Fcomments&post=9069"}],"version-history":[{"count":6,"href":"https:\/\/www.sv-listrup.de\/index.php?rest_route=\/wp\/v2\/posts\/9069\/revisions"}],"predecessor-version":[{"id":9084,"href":"https:\/\/www.sv-listrup.de\/index.php?rest_route=\/wp\/v2\/posts\/9069\/revisions\/9084"}],"wp:featuredmedia":[{"embeddable":true,"href":"https:\/\/www.sv-listrup.de\/index.php?rest_route=\/wp\/v2\/media\/9071"}],"wp:attachment":[{"href":"https:\/\/www.sv-listrup.de\/index.php?rest_route=%2Fwp%2Fv2%2Fmedia&parent=9069"}],"wp:term":[{"taxonomy":"category","embeddable":true,"href":"https:\/\/www.sv-listrup.de\/index.php?rest_route=%2Fwp%2Fv2%2Fcategories&post=9069"},{"taxonomy":"post_tag","embeddable":true,"href":"https:\/\/www.sv-listrup.de\/index.php?rest_route=%2Fwp%2Fv2%2Ftags&post=9069"}],"curies":[{"name":"wp","href":"https:\/\/api.w.org\/{rel}","templated":true}]}}