{"id":9131,"date":"2025-04-03T08:03:27","date_gmt":"2025-04-03T06:03:27","guid":{"rendered":"https:\/\/www.sv-listrup.de\/?p=9131"},"modified":"2026-03-18T11:55:40","modified_gmt":"2026-03-18T10:55:40","slug":"bericht-zur-diesjaehrigen-generalversammlung-peter-tewes-zum-sportler-des-jahres-gewaehlt-vorsitzender-meyering-blickt-auf-ein-tolles-jubilaeumsjahr-zurueck","status":"publish","type":"post","link":"https:\/\/www.sv-listrup.de\/?p=9131","title":{"rendered":"Bericht zur diesj\u00e4hrigen Generalversammlung: Peter Tewes zum Sportler des Jahres gew\u00e4hlt &#038; Vorsitzender Meyering blickt auf ein tolles Jubil\u00e4umsjahr zur\u00fcck!"},"content":{"rendered":"\n<p>Reichlich zu erz\u00e4hlen hatte der Vorstand bei der diesj\u00e4hrigen Generalversammlung des SV Listrup. Gemeinsam mit einer Rekordzahl von 97 Mitgliedern wurde in der Gastst\u00e4tte Oldeweme auf das 75-j\u00e4hrige-Vereinsjubil\u00e4um zur\u00fcckgeblickt.<br>Mit hunderten G\u00e4ste wurde im vergangenen Sommer ausgiebig der SVL-Geburtstag gefeiert, was eine Menge Vorbereitung und Unterst\u00fctzung von vielen Stellen ben\u00f6tigte. Meyering bedankte sich im Namen des Vorstandes bei den Anwesenden Mitgliedern f\u00fcr die starke Mitarbeit. Unser 2. B\u00fcrgermeister Jake und die gesamte Versammlung gaben das Lob f\u00fcr die Organisation und Durchf\u00fchrung an Markus und den Vorstand zur\u00fcck und entlasteten diesen f\u00fcr das vergangene Gesch\u00e4ftsjahr einstimmig.<br>Auch nach dem Jubil\u00e4um will sich der SVL weiterentwickeln. Zahlreiche Projekte stehen in der Pipeline, u.a. der neue Imbisswagen oder die Sanierung der Trib\u00fcne und der alten Kabinen\/Duschen.<\/p>\n\n\n\n<p>Wie in jedem Jahr wurde von der Versammlung auch ein Sportler des Jahres gew\u00e4hlt, der sich im vergangenen Jahr durch tolle ehrenamtliche Arbeit f\u00fcr den SVL verdient gemacht hat. Gewonnen hat die Versammlung Peter Tewes, der als langj\u00e4hriger Platzwart beim Tennisplatz sowie als Leiter des Chronik-Teams den Titel auch mehr als verdient hat. Die weiteren Nominierten waren Niklas Berger (Jugendvorstand), Caro Niemeyer (Social Media &amp; Chronik) sowie Robert van Drunen (Trainer B3), die allesamt ebenfalls tolles im vergangenen Jahr geleistet haben.<\/p>\n\n\n\n<p>Fu\u00dfballer des Jahres wurde Marius Beck aus der 3. Herren und Fu\u00dfballerin des Jahres Daniela Witsken aus den 1. Damen. Als Jugendfu\u00dfballer des Jahres 2024 wurde Simon Temmen aus unserer B3 ausgew\u00e4hlt\ud83d\udc4f\ud83c\udffb. Alle drei sind in ihren Teams kontinuierlich f\u00fcr den Erfolg verantwortlich und wurden von den Trainern &amp; dem Fu\u00dfball- bzw. Jugendvorstand hierf\u00fcr entsprechend geehrt \ud83e\udd73.<\/p>\n\n\n\n<figure class=\"wp-block-image size-large\"><a href=\"https:\/\/www.sv-listrup.de\/wp-content\/uploads\/2025\/03\/IMG_4482-scaled.jpeg\"><img loading=\"lazy\" decoding=\"async\" width=\"1024\" height=\"768\" src=\"https:\/\/www.sv-listrup.de\/wp-content\/uploads\/2025\/03\/IMG_4482-1024x768.jpeg\" alt=\"\" class=\"wp-image-9120\" srcset=\"https:\/\/www.sv-listrup.de\/wp-content\/uploads\/2025\/03\/IMG_4482-1024x768.jpeg 1024w, https:\/\/www.sv-listrup.de\/wp-content\/uploads\/2025\/03\/IMG_4482-300x225.jpeg 300w, https:\/\/www.sv-listrup.de\/wp-content\/uploads\/2025\/03\/IMG_4482-768x576.jpeg 768w, https:\/\/www.sv-listrup.de\/wp-content\/uploads\/2025\/03\/IMG_4482-1536x1152.jpeg 1536w, https:\/\/www.sv-listrup.de\/wp-content\/uploads\/2025\/03\/IMG_4482-2048x1536.jpeg 2048w\" sizes=\"auto, (max-width: 1024px) 100vw, 1024px\" \/><\/a><figcaption class=\"wp-element-caption\">Die geehrten 2024: von links die Fu\u00dfballobm\u00e4nner H\u00e4nny H\u00fclsing und Gerrit Hindricks mit der Fu\u00dfballerin des Jahres Dani Witsken, Jugendfu\u00dfballer des Jahres Simon Temmer, Sportler des Jahres Peter Tewes und Fu\u00dfballer des Jahres Marius Beck neben unserem 1. Vorsitzenden Markus Meyering!<\/figcaption><\/figure>\n\n\n\n<figure class=\"wp-block-image size-large\"><a href=\"https:\/\/www.sv-listrup.de\/wp-content\/uploads\/2025\/03\/cc10e344-928d-4d01-8cc8-41a99b69060b.jpeg\"><img loading=\"lazy\" decoding=\"async\" width=\"1024\" height=\"768\" src=\"https:\/\/www.sv-listrup.de\/wp-content\/uploads\/2025\/03\/cc10e344-928d-4d01-8cc8-41a99b69060b-1024x768.jpeg\" alt=\"\" class=\"wp-image-9114\" srcset=\"https:\/\/www.sv-listrup.de\/wp-content\/uploads\/2025\/03\/cc10e344-928d-4d01-8cc8-41a99b69060b-1024x768.jpeg 1024w, https:\/\/www.sv-listrup.de\/wp-content\/uploads\/2025\/03\/cc10e344-928d-4d01-8cc8-41a99b69060b-300x225.jpeg 300w, https:\/\/www.sv-listrup.de\/wp-content\/uploads\/2025\/03\/cc10e344-928d-4d01-8cc8-41a99b69060b-768x576.jpeg 768w, https:\/\/www.sv-listrup.de\/wp-content\/uploads\/2025\/03\/cc10e344-928d-4d01-8cc8-41a99b69060b-1536x1152.jpeg 1536w, https:\/\/www.sv-listrup.de\/wp-content\/uploads\/2025\/03\/cc10e344-928d-4d01-8cc8-41a99b69060b.jpeg 2048w\" sizes=\"auto, (max-width: 1024px) 100vw, 1024px\" \/><\/a><figcaption class=\"wp-element-caption\">Rekordkulisse in der Gastst\u00e4tte Oldeweme. 96 Mitglieder waren der Einladung gefolgt und besuchten die Generalversammlung am 28.03.2025<\/figcaption><\/figure>\n\n\n","protected":false},"excerpt":{"rendered":"<p>Reichlich zu erz\u00e4hlen hatte der Vorstand bei der diesj\u00e4hrigen Generalversammlung des SV Listrup. Gemeinsam mit einer Rekordzahl von 97 Mitgliedern wurde in der Gastst\u00e4tte Oldeweme auf das 75-j\u00e4hrige-Vereinsjubil\u00e4um zur\u00fcckgeblickt.Mit hunderten G\u00e4ste wurde im vergangenen Sommer ausgiebig der SVL-Geburtstag gefeiert, was eine Menge Vorbereitung und Unterst\u00fctzung von vielen Stellen ben\u00f6tigte. Meyering bedankte sich im Namen des Vorstandes bei den Anwesenden Mitgliedern f\u00fcr die starke Mitarbeit. Unser 2. B\u00fcrgermeister Jake und die gesamte Versammlung gaben das Lob f\u00fcr die Organisation und Durchf\u00fchrung an Markus und den Vorstand zur\u00fcck und entlasteten diesen f\u00fcr das vergangene Gesch\u00e4ftsjahr einstimmig.Auch nach dem Jubil\u00e4um will sich der SVL weiterentwickeln. Zahlreiche Projekte stehen in der Pipeline, u.a. der neue Imbisswagen oder die Sanierung der Trib\u00fcne und der alten Kabinen\/Duschen. Wie in jedem Jahr wurde von der Versammlung auch ein Sportler des Jahres gew\u00e4hlt, der sich im vergangenen Jahr durch tolle ehrenamtliche Arbeit f\u00fcr den SVL verdient gemacht hat. Gewonnen hat die Versammlung Peter Tewes, der als langj\u00e4hriger Platzwart beim Tennisplatz sowie als Leiter des Chronik-Teams den Titel auch mehr als verdient hat. Die weiteren Nominierten waren Niklas Berger [&hellip;]<\/p>\n","protected":false},"author":7,"featured_media":9132,"comment_status":"open","ping_status":"open","sticky":false,"template":"","format":"standard","meta":{"footnotes":""},"categories":[1,25],"tags":[],"class_list":["post-9131","post","type-post","status-publish","format-standard","has-post-thumbnail","hentry","category-allgemein","category-generalversammlung"],"_links":{"self":[{"href":"https:\/\/www.sv-listrup.de\/index.php?rest_route=\/wp\/v2\/posts\/9131","targetHints":{"allow":["GET"]}}],"collection":[{"href":"https:\/\/www.sv-listrup.de\/index.php?rest_route=\/wp\/v2\/posts"}],"about":[{"href":"https:\/\/www.sv-listrup.de\/index.php?rest_route=\/wp\/v2\/types\/post"}],"author":[{"embeddable":true,"href":"https:\/\/www.sv-listrup.de\/index.php?rest_route=\/wp\/v2\/users\/7"}],"replies":[{"embeddable":true,"href":"https:\/\/www.sv-listrup.de\/index.php?rest_route=%2Fwp%2Fv2%2Fcomments&post=9131"}],"version-history":[{"count":1,"href":"https:\/\/www.sv-listrup.de\/index.php?rest_route=\/wp\/v2\/posts\/9131\/revisions"}],"predecessor-version":[{"id":9134,"href":"https:\/\/www.sv-listrup.de\/index.php?rest_route=\/wp\/v2\/posts\/9131\/revisions\/9134"}],"wp:featuredmedia":[{"embeddable":true,"href":"https:\/\/www.sv-listrup.de\/index.php?rest_route=\/wp\/v2\/media\/9132"}],"wp:attachment":[{"href":"https:\/\/www.sv-listrup.de\/index.php?rest_route=%2Fwp%2Fv2%2Fmedia&parent=9131"}],"wp:term":[{"taxonomy":"category","embeddable":true,"href":"https:\/\/www.sv-listrup.de\/index.php?rest_route=%2Fwp%2Fv2%2Fcategories&post=9131"},{"taxonomy":"post_tag","embeddable":true,"href":"https:\/\/www.sv-listrup.de\/index.php?rest_route=%2Fwp%2Fv2%2Ftags&post=9131"}],"curies":[{"name":"wp","href":"https:\/\/api.w.org\/{rel}","templated":true}]}}